{"id":15244,"date":"2014-11-11T09:11:37","date_gmt":"2014-11-11T07:11:37","guid":{"rendered":"http:\/\/www.sana.sy\/tr\/?p=15244"},"modified":"2014-11-11T09:11:37","modified_gmt":"2014-11-11T07:11:37","slug":"teroristlerin-sivilleri-hedef-alan-saldirilari-devam-etti","status":"publish","type":"post","link":"https:\/\/archive.sana.sy\/tr\/?p=15244","title":{"rendered":"Ter\u00f6ristlerin Sivilleri Hedef Alan Sald\u0131r\u0131lar\u0131 Devam Etti"},"content":{"rendered":"<p>\u015eAM KIRSALI \u2013 Ter\u00f6ristlerin d\u00fcn Harasta Dahiyesi ve Saydnaya Beldesine y\u00f6nelik havan roketleriyle d\u00fczenledikleri ter\u00f6r sald\u0131r\u0131lar\u0131 sonucunda maddi zararlar meydana geldi.<\/p>\n<p>\u0130l Emniyet M\u00fcd\u00fcrl\u00fc\u011f\u00fcnde bir kaynak SANA muhabirine a\u00e7\u0131klamas\u0131nda ter\u00f6ristlerin f\u0131rlatt\u0131\u011f\u0131 bir havan roketinin B2 Adas\u0131 Zarif \u0130ni\u015fine d\u00fc\u015fmesi sonucunda olay yerinde maddi zararlara yol a\u00e7t\u0131\u011f\u0131n\u0131 s\u00f6yledi.<\/p>\n<p>Bir \u00f6nceki g\u00fcn de ter\u00f6rist \u00f6rg\u00fctlerin Dahiye\u2019ye y\u00f6nelik tekrarlana gelen sald\u0131r\u0131lar\u0131nda,\u00a0 B4 Adas\u0131na f\u0131rlatt\u0131klar\u0131 havan roketinden s\u0131\u00e7rayan \u015farapnel par\u00e7alar\u0131 sonucunda bir vatanda\u015f \u015fehit d\u00fc\u015fm\u00fc\u015ft\u00fc.<\/p>\n<p>\u00d6te yandan kaynak, Saydnaya Beldesine iki havan roketinin d\u00fc\u015ft\u00fc\u011f\u00fcn\u00fc birinin de bir eve isabet etmesi sonucunda maddi zararlara yol a\u00e7arken vatanda\u015flardan \u00f6len yada yaralanan\u0131n olmad\u0131\u011f\u0131n\u0131 ifade etti.<\/p>\n<p>&nbsp;<\/p>\n","protected":false},"excerpt":{"rendered":"<p>\u015eAM KIRSALI \u2013 Ter\u00f6ristlerin d\u00fcn Harasta Dahiyesi ve Saydnaya Beldesine y\u00f6nelik havan roketleriyle d\u00fczenledikleri ter\u00f6r sald\u0131r\u0131lar\u0131 sonucunda maddi zararlar meydana geldi. \u0130l Emniyet M\u00fcd\u00fcrl\u00fc\u011f\u00fcnde bir kaynak SANA muhabirine a\u00e7\u0131klamas\u0131nda ter\u00f6ristlerin f\u0131rlatt\u0131\u011f\u0131 bir havan roketinin B2 Adas\u0131 Zarif \u0130ni\u015fine d\u00fc\u015fmesi sonucunda olay yerinde maddi zararlara yol a\u00e7t\u0131\u011f\u0131n\u0131 s\u00f6yledi. Bir \u00f6nceki g\u00fcn de ter\u00f6rist \u00f6rg\u00fctlerin Dahiye\u2019ye y\u00f6nelik &hellip;<\/p>\n","protected":false},"author":1,"featured_media":15245,"comment_status":"closed","ping_status":"closed","sticky":false,"template":"","format":"standard","meta":{"footnotes":""},"categories":[575],"tags":[5508,5509,5507],"class_list":["post-15244","post","type-post","status-publish","format-standard","has-post-thumbnail","","category-olaylar-ve-gercekler","tag-b4-adasina-firlattiklari-havan-roketinden-sicrayan-sarapnel-parcalari-sonucunda-bir-vatandas-sehit-dusmustu-ote-yandan-kaynak","tag-saydnaya-beldesine-iki-havan-roketinin-dustugunu-birinin-de-bir-eve-isabet-etmesi-sonucunda-maddi-zararlara-yol-acarken-vatandaslardan-olen-yada-yaralananin-olmadigini-ifade-etti","tag-teroristlerin-sivilleri-hedef-alan-saldirilari-devam-etti-sam-kirsali-teroristlerin-dun-harasta-dahiyesi-ve-saydnaya-beldesine-yonelik-havan-roketleriyle-duzenledikleri-teror-saldirilari-son"],"_links":{"self":[{"href":"https:\/\/archive.sana.sy\/tr\/index.php?rest_route=\/wp\/v2\/posts\/15244","targetHints":{"allow":["GET"]}}],"collection":[{"href":"https:\/\/archive.sana.sy\/tr\/index.php?rest_route=\/wp\/v2\/posts"}],"about":[{"href":"https:\/\/archive.sana.sy\/tr\/index.php?rest_route=\/wp\/v2\/types\/post"}],"author":[{"embeddable":true,"href":"https:\/\/archive.sana.sy\/tr\/index.php?rest_route=\/wp\/v2\/users\/1"}],"replies":[{"embeddable":true,"href":"https:\/\/archive.sana.sy\/tr\/index.php?rest_route=%2Fwp%2Fv2%2Fcomments&post=15244"}],"version-history":[{"count":0,"href":"https:\/\/archive.sana.sy\/tr\/index.php?rest_route=\/wp\/v2\/posts\/15244\/revisions"}],"wp:featuredmedia":[{"embeddable":true,"href":"https:\/\/archive.sana.sy\/tr\/index.php?rest_route=\/wp\/v2\/media\/15245"}],"wp:attachment":[{"href":"https:\/\/archive.sana.sy\/tr\/index.php?rest_route=%2Fwp%2Fv2%2Fmedia&parent=15244"}],"wp:term":[{"taxonomy":"category","embeddable":true,"href":"https:\/\/archive.sana.sy\/tr\/index.php?rest_route=%2Fwp%2Fv2%2Fcategories&post=15244"},{"taxonomy":"post_tag","embeddable":true,"href":"https:\/\/archive.sana.sy\/tr\/index.php?rest_route=%2Fwp%2Fv2%2Ftags&post=15244"}],"curies":[{"name":"wp","href":"https:\/\/api.w.org\/{rel}","templated":true}]}}