{"id":152440,"date":"2018-06-24T13:03:54","date_gmt":"2018-06-24T10:03:54","guid":{"rendered":"https:\/\/www.sana.sy\/tr\/?p=152440"},"modified":"2018-06-25T14:18:30","modified_gmt":"2018-06-25T11:18:30","slug":"kiralik-teroristlerin-sivillere-saldirilarinda-bir-cocuk-yaralandi","status":"publish","type":"post","link":"https:\/\/archive.sana.sy\/tr\/?p=152440","title":{"rendered":"Kiral\u0131k Ter\u00f6ristlerin Sivillere Sald\u0131r\u0131lar\u0131nda Bir \u00c7ocuk \u015eehit D\u00fc\u015ft\u00fc"},"content":{"rendered":"<p>S\u00dcVEYDA \u2013 \u0130\u015fverenleri yabanc\u0131 g\u00fc\u00e7lerin destek ve y\u00f6nlendirmeleriyle hareket eden radikal ter\u00f6ristlerin masum sivil vatanda\u015flara gaddar sald\u0131r\u0131lar\u0131 bug\u00fcn de devam etti.<\/p>\n<p>SANA\u2019n\u0131n S\u00fcveyda muhabiri Dera k\u0131rsal\u0131n\u0131n do\u011fusu L\u00fccat B\u00f6lgesinde bulunan kiral\u0131k ter\u00f6ristlerin S\u00fcveyda k\u0131rsal\u0131n\u0131n bat\u0131s\u0131 Dovr Beldesine f\u00fczelerle sald\u0131rmalar\u0131 sonucunda k\u00fc\u00e7\u00fck bir k\u0131z \u00e7ocu\u011funun \u015fehit, aralar\u0131nda 1 kad\u0131n\u0131n bulundu\u011fu 3 vatanda\u015f\u0131n da yaral\u0131 d\u00fc\u015ft\u00fc\u011f\u00fcn\u00fc belirtti.<\/p>\n<p>Muhabir ordu birliklerimizin sald\u0131rgan ter\u00f6ristlerin mevkilerini tespit edip uygun silahlarla hedef ald\u0131klar\u0131n\u0131 ifade ederken, sald\u0131rganlar\u0131n saflar\u0131nda direk isabetlerin kaydedildi\u011fini s\u00f6zlerine ekledi.<\/p>\n<div id='gallery-1' class='gallery galleryid-152440 gallery-columns-1 gallery-size-large'><figure class='gallery-item'>\n\t\t\t<div class='gallery-icon landscape'>\n\t\t\t\t<a href='https:\/\/archive.sana.sy\/tr\/wp-content\/uploads\/2018\/06\/photo_2018-06-24_15-11-51.jpg'><img loading=\"lazy\" decoding=\"async\" width=\"618\" height=\"423\" src=\"https:\/\/archive.sana.sy\/tr\/wp-content\/uploads\/2018\/06\/photo_2018-06-24_15-11-51-1024x701.jpg\" class=\"attachment-large size-large\" alt=\"\" srcset=\"https:\/\/archive.sana.sy\/tr\/wp-content\/uploads\/2018\/06\/photo_2018-06-24_15-11-51-1024x701.jpg 1024w, https:\/\/archive.sana.sy\/tr\/wp-content\/uploads\/2018\/06\/photo_2018-06-24_15-11-51-150x103.jpg 150w, https:\/\/archive.sana.sy\/tr\/wp-content\/uploads\/2018\/06\/photo_2018-06-24_15-11-51-300x206.jpg 300w, https:\/\/archive.sana.sy\/tr\/wp-content\/uploads\/2018\/06\/photo_2018-06-24_15-11-51-768x526.jpg 768w, https:\/\/archive.sana.sy\/tr\/wp-content\/uploads\/2018\/06\/photo_2018-06-24_15-11-51-110x75.jpg 110w, https:\/\/archive.sana.sy\/tr\/wp-content\/uploads\/2018\/06\/photo_2018-06-24_15-11-51.jpg 1200w\" sizes=\"auto, (max-width: 618px) 100vw, 618px\" \/><\/a>\n\t\t\t<\/div><\/figure><figure class='gallery-item'>\n\t\t\t<div class='gallery-icon landscape'>\n\t\t\t\t<a href='https:\/\/archive.sana.sy\/tr\/wp-content\/uploads\/2018\/06\/photo_2018-06-24_15-11-58.jpg'><img loading=\"lazy\" decoding=\"async\" width=\"618\" height=\"390\" src=\"https:\/\/archive.sana.sy\/tr\/wp-content\/uploads\/2018\/06\/photo_2018-06-24_15-11-58-1024x647.jpg\" class=\"attachment-large size-large\" alt=\"\" srcset=\"https:\/\/archive.sana.sy\/tr\/wp-content\/uploads\/2018\/06\/photo_2018-06-24_15-11-58-1024x647.jpg 1024w, https:\/\/archive.sana.sy\/tr\/wp-content\/uploads\/2018\/06\/photo_2018-06-24_15-11-58-150x95.jpg 150w, https:\/\/archive.sana.sy\/tr\/wp-content\/uploads\/2018\/06\/photo_2018-06-24_15-11-58-300x190.jpg 300w, https:\/\/archive.sana.sy\/tr\/wp-content\/uploads\/2018\/06\/photo_2018-06-24_15-11-58-768x485.jpg 768w, https:\/\/archive.sana.sy\/tr\/wp-content\/uploads\/2018\/06\/photo_2018-06-24_15-11-58.jpg 1200w\" sizes=\"auto, (max-width: 618px) 100vw, 618px\" \/><\/a>\n\t\t\t<\/div><\/figure>\n\t\t<\/div>\n\n","protected":false},"excerpt":{"rendered":"<p>S\u00dcVEYDA \u2013 \u0130\u015fverenleri yabanc\u0131 g\u00fc\u00e7lerin destek ve y\u00f6nlendirmeleriyle hareket eden radikal ter\u00f6ristlerin masum sivil vatanda\u015flara gaddar sald\u0131r\u0131lar\u0131 bug\u00fcn de devam etti. SANA\u2019n\u0131n S\u00fcveyda muhabiri Dera k\u0131rsal\u0131n\u0131n do\u011fusu L\u00fccat B\u00f6lgesinde bulunan kiral\u0131k ter\u00f6ristlerin S\u00fcveyda k\u0131rsal\u0131n\u0131n bat\u0131s\u0131 Dovr Beldesine f\u00fczelerle sald\u0131rmalar\u0131 sonucunda k\u00fc\u00e7\u00fck bir k\u0131z \u00e7ocu\u011funun \u015fehit, aralar\u0131nda 1 kad\u0131n\u0131n bulundu\u011fu 3 vatanda\u015f\u0131n da yaral\u0131 d\u00fc\u015ft\u00fc\u011f\u00fcn\u00fc belirtti. &hellip;<\/p>\n","protected":false},"author":1,"featured_media":152456,"comment_status":"closed","ping_status":"closed","sticky":false,"template":"","format":"standard","meta":{"footnotes":""},"categories":[479,575,17988,478],"tags":[1295,18174,24111,11549,19034,22181,13862],"class_list":["post-152440","post","type-post","status-publish","format-standard","has-post-thumbnail","","category-haberler-yerel","category-olaylar-ve-gercekler","category-son-haberler","category-yerel","tag-dera","tag-sivillere-saldiri","tag-sivilleri-bombaladi","tag-suriye-ordusu","tag-suriyeli-muhalifler","tag-suriyeliler","tag-suveyda"],"_links":{"self":[{"href":"https:\/\/archive.sana.sy\/tr\/index.php?rest_route=\/wp\/v2\/posts\/152440","targetHints":{"allow":["GET"]}}],"collection":[{"href":"https:\/\/archive.sana.sy\/tr\/index.php?rest_route=\/wp\/v2\/posts"}],"about":[{"href":"https:\/\/archive.sana.sy\/tr\/index.php?rest_route=\/wp\/v2\/types\/post"}],"author":[{"embeddable":true,"href":"https:\/\/archive.sana.sy\/tr\/index.php?rest_route=\/wp\/v2\/users\/1"}],"replies":[{"embeddable":true,"href":"https:\/\/archive.sana.sy\/tr\/index.php?rest_route=%2Fwp%2Fv2%2Fcomments&post=152440"}],"version-history":[{"count":0,"href":"https:\/\/archive.sana.sy\/tr\/index.php?rest_route=\/wp\/v2\/posts\/152440\/revisions"}],"wp:featuredmedia":[{"embeddable":true,"href":"https:\/\/archive.sana.sy\/tr\/index.php?rest_route=\/wp\/v2\/media\/152456"}],"wp:attachment":[{"href":"https:\/\/archive.sana.sy\/tr\/index.php?rest_route=%2Fwp%2Fv2%2Fmedia&parent=152440"}],"wp:term":[{"taxonomy":"category","embeddable":true,"href":"https:\/\/archive.sana.sy\/tr\/index.php?rest_route=%2Fwp%2Fv2%2Fcategories&post=152440"},{"taxonomy":"post_tag","embeddable":true,"href":"https:\/\/archive.sana.sy\/tr\/index.php?rest_route=%2Fwp%2Fv2%2Ftags&post=152440"}],"curies":[{"name":"wp","href":"https:\/\/api.w.org\/{rel}","templated":true}]}}