{"id":15247,"date":"2014-11-11T09:16:46","date_gmt":"2014-11-11T07:16:46","guid":{"rendered":"http:\/\/www.sana.sy\/tr\/?p=15247"},"modified":"2014-11-11T09:16:46","modified_gmt":"2014-11-11T07:16:46","slug":"bogdanov-ve-haddad-suriyedeki-krizin-cozum-yollari-ve-ikili-iliskileri-gorustu","status":"publish","type":"post","link":"https:\/\/archive.sana.sy\/tr\/?p=15247","title":{"rendered":"Bogdanov ve Haddad Suriye\u2019deki Krizin \u00c7\u00f6z\u00fcm Yollar\u0131 ve \u0130kili \u0130li\u015fkileri G\u00f6r\u00fc\u015ft\u00fc"},"content":{"rendered":"<p>MOSKOVA \u2013 Orta Do\u011fu ve Kuzey Afrika \u0130\u015flerinden Sorumlu Rusya Ba\u015fkan\u0131 \u00d6zel Temsilcisi Mihail Bogdanov, Suriye\u2019nin Moskova B\u00fcy\u00fckel\u00e7isi Riyad Haddad ile Suriye\u2019deki krizin \u00e7\u00f6z\u00fcm yollar\u0131 yan\u0131 s\u0131ra iki \u00fclke aras\u0131ndaki i\u015fbirli\u011fini g\u00f6r\u00fc\u015ft\u00fc.<\/p>\n<p>Rusya D\u0131\u015fi\u015fleri yay\u0131nlad\u0131\u011f\u0131 beyan\u0131nda, g\u00f6r\u00fc\u015fmenin Suriye\u2019deki siyasi \u00e7\u00f6z\u00fcmle ilgili halihaz\u0131rdaki davalar\u0131n g\u00f6r\u00fc\u015f\u00fcld\u00fc\u011f\u00fcn\u00fc, Cenevre s\u00fcreciyle Suriye-Suriye kapsaml\u0131 diyalogunun s\u00fcrd\u00fcr\u00fclmesi zorunlulu\u011funun belirtildi\u011fini ifade etti.<\/p>\n<p>Rusya D\u0131\u015fi\u015fleri Bakanl\u0131\u011f\u0131n\u0131n Beyan\u0131, g\u00f6r\u00fc\u015fmede ayr\u0131ca Rusya-Suriye ikili i\u015fbirli\u011fi baz\u0131 konular\u0131n\u0131n da ele al\u0131nd\u0131\u011f\u0131n\u0131 ekledi.<\/p>\n","protected":false},"excerpt":{"rendered":"<p>MOSKOVA \u2013 Orta Do\u011fu ve Kuzey Afrika \u0130\u015flerinden Sorumlu Rusya Ba\u015fkan\u0131 \u00d6zel Temsilcisi Mihail Bogdanov, Suriye\u2019nin Moskova B\u00fcy\u00fckel\u00e7isi Riyad Haddad ile Suriye\u2019deki krizin \u00e7\u00f6z\u00fcm yollar\u0131 yan\u0131 s\u0131ra iki \u00fclke aras\u0131ndaki i\u015fbirli\u011fini g\u00f6r\u00fc\u015ft\u00fc. Rusya D\u0131\u015fi\u015fleri yay\u0131nlad\u0131\u011f\u0131 beyan\u0131nda, g\u00f6r\u00fc\u015fmenin Suriye\u2019deki siyasi \u00e7\u00f6z\u00fcmle ilgili halihaz\u0131rdaki davalar\u0131n g\u00f6r\u00fc\u015f\u00fcld\u00fc\u011f\u00fcn\u00fc, Cenevre s\u00fcreciyle Suriye-Suriye kapsaml\u0131 diyalogunun s\u00fcrd\u00fcr\u00fclmesi zorunlulu\u011funun belirtildi\u011fini ifade etti. Rusya &hellip;<\/p>\n","protected":false},"author":1,"featured_media":15248,"comment_status":"closed","ping_status":"closed","sticky":false,"template":"","format":"standard","meta":{"footnotes":""},"categories":[458,459,447],"tags":[5510,5513,5514,5512,5511],"class_list":["post-15247","post","type-post","status-publish","format-standard","has-post-thumbnail","","category-dunya1","category-haberler-arap-uluslararasi-politika","category-politika","tag-bogdanov-ve-haddad-suriyedeki-krizin-cozum-yollari-ve-ikili-iliskileri-gorustu-moskova-orta-dogu-ve-kuzey-afrika-islerinden-sorumlu-rusya-baskani-ozel-temsilcisi-mihail-bogdanov","tag-cenevre-sureciyle-suriye-suriye-kapsamli-diyalogunun-surdurulmesi-zorunlulugunun-belirtildigini-ifade-etti-rusya-disisleri-bakanliginin-beyani","tag-gorusmede-ayrica-rusya-suriye-ikili-isbirligi-bazi-konularinin-da-ele-alindigini-ekledi","tag-gorusmenin-suriyedeki-siyasi-cozumle-ilgili-halihazirdaki-davalarin-gorusuldugunu","tag-suriyenin-moskova-buyukelcisi-riyad-haddad-ile-suriyedeki-krizin-cozum-yollari-yani-sira-iki-ulke-arasindaki-isbirligini-gorustu-rusya-disisleri-yayinladigi-beyaninda"],"_links":{"self":[{"href":"https:\/\/archive.sana.sy\/tr\/index.php?rest_route=\/wp\/v2\/posts\/15247","targetHints":{"allow":["GET"]}}],"collection":[{"href":"https:\/\/archive.sana.sy\/tr\/index.php?rest_route=\/wp\/v2\/posts"}],"about":[{"href":"https:\/\/archive.sana.sy\/tr\/index.php?rest_route=\/wp\/v2\/types\/post"}],"author":[{"embeddable":true,"href":"https:\/\/archive.sana.sy\/tr\/index.php?rest_route=\/wp\/v2\/users\/1"}],"replies":[{"embeddable":true,"href":"https:\/\/archive.sana.sy\/tr\/index.php?rest_route=%2Fwp%2Fv2%2Fcomments&post=15247"}],"version-history":[{"count":0,"href":"https:\/\/archive.sana.sy\/tr\/index.php?rest_route=\/wp\/v2\/posts\/15247\/revisions"}],"wp:featuredmedia":[{"embeddable":true,"href":"https:\/\/archive.sana.sy\/tr\/index.php?rest_route=\/wp\/v2\/media\/15248"}],"wp:attachment":[{"href":"https:\/\/archive.sana.sy\/tr\/index.php?rest_route=%2Fwp%2Fv2%2Fmedia&parent=15247"}],"wp:term":[{"taxonomy":"category","embeddable":true,"href":"https:\/\/archive.sana.sy\/tr\/index.php?rest_route=%2Fwp%2Fv2%2Fcategories&post=15247"},{"taxonomy":"post_tag","embeddable":true,"href":"https:\/\/archive.sana.sy\/tr\/index.php?rest_route=%2Fwp%2Fv2%2Ftags&post=15247"}],"curies":[{"name":"wp","href":"https:\/\/api.w.org\/{rel}","templated":true}]}}