{"id":152476,"date":"2018-06-24T12:30:55","date_gmt":"2018-06-24T09:30:55","guid":{"rendered":"https:\/\/www.sana.sy\/tr\/?p=152476"},"modified":"2018-06-29T12:51:30","modified_gmt":"2018-06-29T09:51:30","slug":"hamada-204-konut-sahibine-teslim-edilecek","status":"publish","type":"post","link":"https:\/\/archive.sana.sy\/tr\/?p=152476","title":{"rendered":"Hama\u2019da 204 Konut Sahibine Teslim Edilecek"},"content":{"rendered":"<p>HAMA \u2013 \u0130skan Kamu Kurumunun Hama \u0130l \u015eubesi; kurumun Hama Kentinin Vefa Banliy\u00f6s\u00fcnde sahiplerine teslim etmek \u00fczere 204 konutun in\u015fas\u0131n\u0131 tamamlad\u0131\u011f\u0131n\u0131 ilan etti.<\/p>\n<p>\u0130l \u015eube Ba\u015fkan\u0131 Mahmut H\u00fcseyin kurumun ayn\u0131 banliy\u00f6de 300 daireyi tamamlama amac\u0131yla yo\u011fun \u00e7al\u0131\u015fmalar\u0131n\u0131 s\u00fcrd\u00fcrd\u00fc\u011f\u00fcn\u00fc belirtti.<\/p>\n<p>Hayata ge\u00e7irilmesi geciken konut projeleri konusunda ise H\u00fcseyin, bu projelerin taahh\u00fctl\u00fc\u011f\u00fcn\u00fc yapan \u015firketlerin de\u011fi\u015ftirilmesi ve in\u015faat \u00e7al\u0131\u015fmalar\u0131n\u0131n h\u0131zland\u0131r\u0131lmas\u0131 i\u00e7in gerekli icraatlar\u0131n ba\u015flat\u0131ld\u0131\u011f\u0131n\u0131 a\u00e7\u0131klad\u0131.<\/p>\n","protected":false},"excerpt":{"rendered":"<p>HAMA \u2013 \u0130skan Kamu Kurumunun Hama \u0130l \u015eubesi; kurumun Hama Kentinin Vefa Banliy\u00f6s\u00fcnde sahiplerine teslim etmek \u00fczere 204 konutun in\u015fas\u0131n\u0131 tamamlad\u0131\u011f\u0131n\u0131 ilan etti. \u0130l \u015eube Ba\u015fkan\u0131 Mahmut H\u00fcseyin kurumun ayn\u0131 banliy\u00f6de 300 daireyi tamamlama amac\u0131yla yo\u011fun \u00e7al\u0131\u015fmalar\u0131n\u0131 s\u00fcrd\u00fcrd\u00fc\u011f\u00fcn\u00fc belirtti. Hayata ge\u00e7irilmesi geciken konut projeleri konusunda ise H\u00fcseyin, bu projelerin taahh\u00fctl\u00fc\u011f\u00fcn\u00fc yapan \u015firketlerin de\u011fi\u015ftirilmesi ve in\u015faat &hellip;<\/p>\n","protected":false},"author":1,"featured_media":152485,"comment_status":"closed","ping_status":"closed","sticky":false,"template":"","format":"standard","meta":{"footnotes":""},"categories":[485,486,17988],"tags":[36585,36586,2492,36584,22071],"class_list":["post-152476","post","type-post","status-publish","format-standard","has-post-thumbnail","","category-is-ve-sermaye","category-haberler-is-ve-sermaye","category-son-haberler","tag-204-konut","tag-300-daire","tag-hama","tag-hama-kentinin-vefa-banliyosu","tag-iskan-kamu-kurumu"],"_links":{"self":[{"href":"https:\/\/archive.sana.sy\/tr\/index.php?rest_route=\/wp\/v2\/posts\/152476","targetHints":{"allow":["GET"]}}],"collection":[{"href":"https:\/\/archive.sana.sy\/tr\/index.php?rest_route=\/wp\/v2\/posts"}],"about":[{"href":"https:\/\/archive.sana.sy\/tr\/index.php?rest_route=\/wp\/v2\/types\/post"}],"author":[{"embeddable":true,"href":"https:\/\/archive.sana.sy\/tr\/index.php?rest_route=\/wp\/v2\/users\/1"}],"replies":[{"embeddable":true,"href":"https:\/\/archive.sana.sy\/tr\/index.php?rest_route=%2Fwp%2Fv2%2Fcomments&post=152476"}],"version-history":[{"count":0,"href":"https:\/\/archive.sana.sy\/tr\/index.php?rest_route=\/wp\/v2\/posts\/152476\/revisions"}],"wp:featuredmedia":[{"embeddable":true,"href":"https:\/\/archive.sana.sy\/tr\/index.php?rest_route=\/wp\/v2\/media\/152485"}],"wp:attachment":[{"href":"https:\/\/archive.sana.sy\/tr\/index.php?rest_route=%2Fwp%2Fv2%2Fmedia&parent=152476"}],"wp:term":[{"taxonomy":"category","embeddable":true,"href":"https:\/\/archive.sana.sy\/tr\/index.php?rest_route=%2Fwp%2Fv2%2Fcategories&post=152476"},{"taxonomy":"post_tag","embeddable":true,"href":"https:\/\/archive.sana.sy\/tr\/index.php?rest_route=%2Fwp%2Fv2%2Ftags&post=152476"}],"curies":[{"name":"wp","href":"https:\/\/api.w.org\/{rel}","templated":true}]}}