{"id":15250,"date":"2014-11-11T09:18:28","date_gmt":"2014-11-11T07:18:28","guid":{"rendered":"http:\/\/www.sana.sy\/tr\/?p=15250"},"modified":"2014-11-11T09:18:28","modified_gmt":"2014-11-11T07:18:28","slug":"bazi-islam-ulkelerinin-suskunlugu-siyonist-israil-varligi-daha-fazla-barbarlastirdi","status":"publish","type":"post","link":"https:\/\/archive.sana.sy\/tr\/?p=15250","title":{"rendered":"Baz\u0131 \u0130slam \u00dclkelerinin Suskunlu\u011fu Siyonist \u0130srail Varl\u0131\u011f\u0131 Daha Fazla Barbarla\u015ft\u0131rd\u0131"},"content":{"rendered":"<p>TAHRAN \u2013 Arap ve Afrika \u0130\u015flerinden Sorumlu \u0130ran D\u0131\u015fi\u015fleri Bakan\u0131 Yard\u0131mc\u0131s\u0131 H\u00fcseyin Emir Abdullehyan, baz\u0131 \u0130slam \u00fclkelerinin Siyonist varl\u0131\u011f\u0131n \u0130slam kutsal yerlerine y\u00f6nelik suskunluklar\u0131n\u0131n devam etmesinin d\u00fc\u015fman \u0130srail\u2019i daha fazla barbar yapt\u0131\u011f\u0131n\u0131 s\u00f6yledi.<\/p>\n<p>Yapt\u0131\u011f\u0131 a\u00e7\u0131klamada Abdullehyan, \u0130ran\u2019\u0131n direni\u015f\u00e7i Filistin halk\u0131na olan deste\u011fini yineleyerek Filistin ve b\u00f6lge halklar\u0131n\u0131n Mescid-i Aksaya y\u00f6nelik son Siyonist sald\u0131r\u0131lar\u0131na kar\u015f\u0131 suskun kalmayacaklar\u0131n\u0131 belirtti.<\/p>\n<p>Abdullehyan, b\u00f6lgenin tan\u0131k oldu\u011fu \u015fartlar\u0131 istismar etmesiyle Siyonist varl\u0131\u011f\u0131n Kud\u00fcs\u2019\u00fc Yahudile\u015ftirme politikas\u0131n\u0131 uygulamada aceleci davrand\u0131\u011f\u0131n\u0131 s\u00f6yleyerek, bu icraatlar\u0131n yan\u0131 s\u0131ra yerle\u015fim birimlerini in\u015fa etmeye ve Filistinlileri tutuklamaya devam etmesinin 3. \u0130ntifada\u2019n\u0131n patlak vermesine yol a\u00e7abilece\u011fini vurgulad\u0131.<\/p>\n","protected":false},"excerpt":{"rendered":"<p>TAHRAN \u2013 Arap ve Afrika \u0130\u015flerinden Sorumlu \u0130ran D\u0131\u015fi\u015fleri Bakan\u0131 Yard\u0131mc\u0131s\u0131 H\u00fcseyin Emir Abdullehyan, baz\u0131 \u0130slam \u00fclkelerinin Siyonist varl\u0131\u011f\u0131n \u0130slam kutsal yerlerine y\u00f6nelik suskunluklar\u0131n\u0131n devam etmesinin d\u00fc\u015fman \u0130srail\u2019i daha fazla barbar yapt\u0131\u011f\u0131n\u0131 s\u00f6yledi. Yapt\u0131\u011f\u0131 a\u00e7\u0131klamada Abdullehyan, \u0130ran\u2019\u0131n direni\u015f\u00e7i Filistin halk\u0131na olan deste\u011fini yineleyerek Filistin ve b\u00f6lge halklar\u0131n\u0131n Mescid-i Aksaya y\u00f6nelik son Siyonist sald\u0131r\u0131lar\u0131na kar\u015f\u0131 suskun &hellip;<\/p>\n","protected":false},"author":1,"featured_media":15251,"comment_status":"closed","ping_status":"closed","sticky":false,"template":"","format":"standard","meta":{"footnotes":""},"categories":[458,459,447],"tags":[5516,5515,5518,5519,5517],"class_list":["post-15250","post","type-post","status-publish","format-standard","has-post-thumbnail","","category-dunya1","category-haberler-arap-uluslararasi-politika","category-politika","tag-bazi-islam-ulkelerinin-siyonist-varligin-islam-kutsal-yerlerine-yonelik-suskunluklarinin-devam-etmesinin-dusman-israili-daha-fazla-barbar-yaptigini-soyledi-yaptigi-aciklamada-abdullehyan","tag-bazi-islam-ulkelerinin-suskunlugu-siyonist-israil-varligi-daha-fazla-barbarlastirdi-tahran-arap-ve-afrika-islerinden-sorumlu-iran-disisleri-bakani-yardimcisi-huseyin-emir-abdullehyan","tag-bolgenin-tanik-oldugu-sartlari-istismar-etmesiyle-siyonist-varligin-kudusu-yahudilestirme-politikasini-uygulamada-aceleci-davrandigini-soyleyerek","tag-bu-icraatlarin-yani-sira-yerlesim-birimlerini-insa-etmeye-ve-filistinlileri-tutuklamaya-devam-etmesinin-3-intifadanin-patlak-vermesine-yol-acabilecegini-vurguladi","tag-iranin-direnisci-filistin-halkina-olan-destegini-yineleyerek-filistin-ve-bolge-halklarinin-mescid-i-aksaya-yonelik-son-siyonist-saldirilarina-karsi-suskun-kalmayacaklarini-belirtti-abdullehy"],"_links":{"self":[{"href":"https:\/\/archive.sana.sy\/tr\/index.php?rest_route=\/wp\/v2\/posts\/15250","targetHints":{"allow":["GET"]}}],"collection":[{"href":"https:\/\/archive.sana.sy\/tr\/index.php?rest_route=\/wp\/v2\/posts"}],"about":[{"href":"https:\/\/archive.sana.sy\/tr\/index.php?rest_route=\/wp\/v2\/types\/post"}],"author":[{"embeddable":true,"href":"https:\/\/archive.sana.sy\/tr\/index.php?rest_route=\/wp\/v2\/users\/1"}],"replies":[{"embeddable":true,"href":"https:\/\/archive.sana.sy\/tr\/index.php?rest_route=%2Fwp%2Fv2%2Fcomments&post=15250"}],"version-history":[{"count":0,"href":"https:\/\/archive.sana.sy\/tr\/index.php?rest_route=\/wp\/v2\/posts\/15250\/revisions"}],"wp:featuredmedia":[{"embeddable":true,"href":"https:\/\/archive.sana.sy\/tr\/index.php?rest_route=\/wp\/v2\/media\/15251"}],"wp:attachment":[{"href":"https:\/\/archive.sana.sy\/tr\/index.php?rest_route=%2Fwp%2Fv2%2Fmedia&parent=15250"}],"wp:term":[{"taxonomy":"category","embeddable":true,"href":"https:\/\/archive.sana.sy\/tr\/index.php?rest_route=%2Fwp%2Fv2%2Fcategories&post=15250"},{"taxonomy":"post_tag","embeddable":true,"href":"https:\/\/archive.sana.sy\/tr\/index.php?rest_route=%2Fwp%2Fv2%2Ftags&post=15250"}],"curies":[{"name":"wp","href":"https:\/\/api.w.org\/{rel}","templated":true}]}}