{"id":152519,"date":"2018-06-24T23:26:44","date_gmt":"2018-06-24T20:26:44","guid":{"rendered":"https:\/\/www.sana.sy\/tr\/?p=152519"},"modified":"2018-06-25T12:35:25","modified_gmt":"2018-06-25T09:35:25","slug":"cumhurbaskani-bessar-el-esad-rusyanin-ntv-kanalina-verdigi-roportajda-son-durum-ve-gelismelere-isik-tuttu","status":"publish","type":"post","link":"https:\/\/archive.sana.sy\/tr\/?p=152519","title":{"rendered":"Cumhurba\u015fkan\u0131 Be\u015f\u015far el Esad Rusya&#8217;n\u0131n NTV kanal\u0131na verdi\u011fi r\u00f6portajda son durum ve geli\u015fmelere \u0131\u015f\u0131k tuttu"},"content":{"rendered":"<p>Cumhurba\u015fkan\u0131 Be\u015f\u015far el Esad Rusya&#8217;n\u0131n NTV kanal\u0131na verdi\u011fi r\u00f6portajda son durum ve geli\u015fmelere \u0131\u015f\u0131k tuttu<\/p>\n<p>https:\/\/www.youtube.com\/watch?v=nrf-eJ8AAbM<\/p>\n","protected":false},"excerpt":{"rendered":"<p>Cumhurba\u015fkan\u0131 Be\u015f\u015far el Esad Rusya&#8217;n\u0131n NTV kanal\u0131na verdi\u011fi r\u00f6portajda son durum ve geli\u015fmelere \u0131\u015f\u0131k tuttu https:\/\/www.youtube.com\/watch?v=nrf-eJ8AAbM<\/p>\n","protected":false},"author":1,"featured_media":152523,"comment_status":"closed","ping_status":"closed","sticky":false,"template":"","format":"standard","meta":{"footnotes":""},"categories":[18295],"tags":[19968,20113,36590,2755,24083,24119,22181],"class_list":["post-152519","post","type-post","status-publish","format-standard","has-post-thumbnail","","category-sana-video","tag-bessar-esad","tag-esad","tag-ntv-kanali","tag-sam","tag-suriye-baskani","tag-suriye-lideri","tag-suriyeliler"],"_links":{"self":[{"href":"https:\/\/archive.sana.sy\/tr\/index.php?rest_route=\/wp\/v2\/posts\/152519","targetHints":{"allow":["GET"]}}],"collection":[{"href":"https:\/\/archive.sana.sy\/tr\/index.php?rest_route=\/wp\/v2\/posts"}],"about":[{"href":"https:\/\/archive.sana.sy\/tr\/index.php?rest_route=\/wp\/v2\/types\/post"}],"author":[{"embeddable":true,"href":"https:\/\/archive.sana.sy\/tr\/index.php?rest_route=\/wp\/v2\/users\/1"}],"replies":[{"embeddable":true,"href":"https:\/\/archive.sana.sy\/tr\/index.php?rest_route=%2Fwp%2Fv2%2Fcomments&post=152519"}],"version-history":[{"count":0,"href":"https:\/\/archive.sana.sy\/tr\/index.php?rest_route=\/wp\/v2\/posts\/152519\/revisions"}],"wp:featuredmedia":[{"embeddable":true,"href":"https:\/\/archive.sana.sy\/tr\/index.php?rest_route=\/wp\/v2\/media\/152523"}],"wp:attachment":[{"href":"https:\/\/archive.sana.sy\/tr\/index.php?rest_route=%2Fwp%2Fv2%2Fmedia&parent=152519"}],"wp:term":[{"taxonomy":"category","embeddable":true,"href":"https:\/\/archive.sana.sy\/tr\/index.php?rest_route=%2Fwp%2Fv2%2Fcategories&post=152519"},{"taxonomy":"post_tag","embeddable":true,"href":"https:\/\/archive.sana.sy\/tr\/index.php?rest_route=%2Fwp%2Fv2%2Ftags&post=152519"}],"curies":[{"name":"wp","href":"https:\/\/api.w.org\/{rel}","templated":true}]}}