{"id":152522,"date":"2018-06-24T22:33:53","date_gmt":"2018-06-24T19:33:53","guid":{"rendered":"https:\/\/www.sana.sy\/tr\/?p=152522"},"modified":"2018-06-26T15:09:18","modified_gmt":"2018-06-26T12:09:18","slug":"ordu-deyrezzor-badiyesinde-1800-km-karelik-alani-isidten-kurtardi","status":"publish","type":"post","link":"https:\/\/archive.sana.sy\/tr\/?p=152522","title":{"rendered":"Ordu Deyrezzor Badiyesinde 1800 km Karelik Alan\u0131 I\u015e\u0130D\u2019ten Kurtard\u0131 (video)"},"content":{"rendered":"<p>DEYREZZOR \u2013 Ordu birliklerimiz Deyrezzor k\u0131rsal\u0131n\u0131n Badiye B\u00f6lgesinde I\u015e\u0130D\u2019ten arta kalan ter\u00f6ristlerin son birka\u00e7 g\u00fcn i\u00e7inde girdikleri yerlerden geni\u015f alanlar\u0131 yeniden kurtararak kontrollerine ge\u00e7irdi.<\/p>\n<p>Askeri bir kaynak ordu birliklerimizin m\u00fcttefik g\u00fc\u00e7lerle i\u015fbirli\u011fi i\u00e7inde ger\u00e7ekle\u015ftirdikleri nitelikli operasyonlarda 1800 kilometre karelik alandan geni\u015f bir alan\u0131 kurtard\u0131klar\u0131n\u0131 ifade etti. Kaynak I\u015e\u0130D\u2019li \u00e7ok say\u0131da ter\u00f6ristin ekipmanlar\u0131 ve ara\u00e7lar\u0131yla birlikte etkisiz hale getirilmeleri ard\u0131ndan kontrole al\u0131nan bu b\u00f6lgenin Albukemal Kentinin bat\u0131s\u0131 400 noktas\u0131nda Irak s\u0131n\u0131rlar\u0131na kadar uzand\u0131\u011f\u0131n\u0131 kaydetti.<\/p>\n<p>https:\/\/www.youtube.com\/watch?v=WLyuKB-8prs<\/p>\n","protected":false},"excerpt":{"rendered":"<p>DEYREZZOR \u2013 Ordu birliklerimiz Deyrezzor k\u0131rsal\u0131n\u0131n Badiye B\u00f6lgesinde I\u015e\u0130D\u2019ten arta kalan ter\u00f6ristlerin son birka\u00e7 g\u00fcn i\u00e7inde girdikleri yerlerden geni\u015f alanlar\u0131 yeniden kurtararak kontrollerine ge\u00e7irdi. Askeri bir kaynak ordu birliklerimizin m\u00fcttefik g\u00fc\u00e7lerle i\u015fbirli\u011fi i\u00e7inde ger\u00e7ekle\u015ftirdikleri nitelikli operasyonlarda 1800 kilometre karelik alandan geni\u015f bir alan\u0131 kurtard\u0131klar\u0131n\u0131 ifade etti. Kaynak I\u015e\u0130D\u2019li \u00e7ok say\u0131da ter\u00f6ristin ekipmanlar\u0131 ve ara\u00e7lar\u0131yla birlikte &hellip;<\/p>\n","protected":false},"author":1,"featured_media":152528,"comment_status":"closed","ping_status":"closed","sticky":false,"template":"","format":"standard","meta":{"footnotes":""},"categories":[479,575,17988,478],"tags":[18237,18576,18577,2494,29848,2318,16591,11549,19034,22181],"class_list":["post-152522","post","type-post","status-publish","format-standard","has-post-thumbnail","","category-haberler-yerel","category-olaylar-ve-gercekler","category-son-haberler","category-yerel","tag-cihatcilar","tag-daes","tag-deas","tag-deyrezzor","tag-irak-sinirlari","tag-isid","tag-suriye","tag-suriye-ordusu","tag-suriyeli-muhalifler","tag-suriyeliler"],"_links":{"self":[{"href":"https:\/\/archive.sana.sy\/tr\/index.php?rest_route=\/wp\/v2\/posts\/152522","targetHints":{"allow":["GET"]}}],"collection":[{"href":"https:\/\/archive.sana.sy\/tr\/index.php?rest_route=\/wp\/v2\/posts"}],"about":[{"href":"https:\/\/archive.sana.sy\/tr\/index.php?rest_route=\/wp\/v2\/types\/post"}],"author":[{"embeddable":true,"href":"https:\/\/archive.sana.sy\/tr\/index.php?rest_route=\/wp\/v2\/users\/1"}],"replies":[{"embeddable":true,"href":"https:\/\/archive.sana.sy\/tr\/index.php?rest_route=%2Fwp%2Fv2%2Fcomments&post=152522"}],"version-history":[{"count":0,"href":"https:\/\/archive.sana.sy\/tr\/index.php?rest_route=\/wp\/v2\/posts\/152522\/revisions"}],"wp:featuredmedia":[{"embeddable":true,"href":"https:\/\/archive.sana.sy\/tr\/index.php?rest_route=\/wp\/v2\/media\/152528"}],"wp:attachment":[{"href":"https:\/\/archive.sana.sy\/tr\/index.php?rest_route=%2Fwp%2Fv2%2Fmedia&parent=152522"}],"wp:term":[{"taxonomy":"category","embeddable":true,"href":"https:\/\/archive.sana.sy\/tr\/index.php?rest_route=%2Fwp%2Fv2%2Fcategories&post=152522"},{"taxonomy":"post_tag","embeddable":true,"href":"https:\/\/archive.sana.sy\/tr\/index.php?rest_route=%2Fwp%2Fv2%2Ftags&post=152522"}],"curies":[{"name":"wp","href":"https:\/\/api.w.org\/{rel}","templated":true}]}}