{"id":152527,"date":"2018-06-24T21:37:19","date_gmt":"2018-06-24T18:37:19","guid":{"rendered":"https:\/\/www.sana.sy\/tr\/?p=152527"},"modified":"2018-06-25T14:18:16","modified_gmt":"2018-06-25T11:18:16","slug":"idari-reform-projesiyle-uyumlu-icraatlar-alinmasi-kararlastirildi","status":"publish","type":"post","link":"https:\/\/archive.sana.sy\/tr\/?p=152527","title":{"rendered":"\u0130dari Reform Projesiyle Uyumlu \u0130craatlar Al\u0131nmas\u0131 Kararla\u015ft\u0131r\u0131ld\u0131"},"content":{"rendered":"<p>\u015eAM \u2013 Ba\u015fbakan \u0130mad Hamis ba\u015fkanl\u0131\u011f\u0131nda toplanan bakanlar kurulu, ekonomi, ticari, yat\u0131r\u0131m ve turizm alanlar\u0131nda i\u015fbirli\u011finin peki\u015ftirilmesi amac\u0131yla ilgili bakanl\u0131klar ve kurumlar\u0131n dost \u00fclkelerle temaslar\u0131n\u0131 yo\u011funla\u015ft\u0131rmalar\u0131 karar\u0131 ald\u0131.\u00a0<a href=\"https:\/\/www.sana.sy\/tr\/wp-content\/uploads\/2018\/06\/1-194.jpg\"><img loading=\"lazy\" decoding=\"async\" class=\"alignright wp-image-152532 size-medium\" src=\"https:\/\/www.sana.sy\/tr\/wp-content\/uploads\/2018\/06\/1-194-300x177.jpg\" alt=\"\" width=\"300\" height=\"177\" srcset=\"https:\/\/archive.sana.sy\/tr\/wp-content\/uploads\/2018\/06\/1-194-300x177.jpg 300w, https:\/\/archive.sana.sy\/tr\/wp-content\/uploads\/2018\/06\/1-194-150x89.jpg 150w, https:\/\/archive.sana.sy\/tr\/wp-content\/uploads\/2018\/06\/1-194-768x454.jpg 768w, https:\/\/archive.sana.sy\/tr\/wp-content\/uploads\/2018\/06\/1-194-1024x605.jpg 1024w, https:\/\/archive.sana.sy\/tr\/wp-content\/uploads\/2018\/06\/1-194.jpg 1200w\" sizes=\"auto, (max-width: 300px) 100vw, 300px\" \/><\/a><\/p>\n<p>Bakanlar kurulu toplant\u0131s\u0131nda yeniden yap\u0131lanma s\u00fcrecine destek ve katk\u0131da bulunacak icraatlar\u0131n yo\u011funla\u015ft\u0131r\u0131lmas\u0131, bu ba\u011flamda dost \u00fclkeler ile kar\u015f\u0131l\u0131kl\u0131 ziyaretlerin artt\u0131r\u0131lmas\u0131 \u00f6nemini kaydetti.<\/p>\n<p>Vatanda\u015flara hizmet \u00e7al\u0131\u015fmalar\u0131nda zaman s\u00fcresinin k\u0131salt\u0131lmas\u0131 talimatlar\u0131 veren bakanlar kurulu, t\u00fcm bakanl\u0131klar ve kurumlardan idari reform projesiyle entegreli icraatlar almalar\u0131n\u0131 talep etti.<\/p>\n","protected":false},"excerpt":{"rendered":"<p>\u015eAM \u2013 Ba\u015fbakan \u0130mad Hamis ba\u015fkanl\u0131\u011f\u0131nda toplanan bakanlar kurulu, ekonomi, ticari, yat\u0131r\u0131m ve turizm alanlar\u0131nda i\u015fbirli\u011finin peki\u015ftirilmesi amac\u0131yla ilgili bakanl\u0131klar ve kurumlar\u0131n dost \u00fclkelerle temaslar\u0131n\u0131 yo\u011funla\u015ft\u0131rmalar\u0131 karar\u0131 ald\u0131.\u00a0 Bakanlar kurulu toplant\u0131s\u0131nda yeniden yap\u0131lanma s\u00fcrecine destek ve katk\u0131da bulunacak icraatlar\u0131n yo\u011funla\u015ft\u0131r\u0131lmas\u0131, bu ba\u011flamda dost \u00fclkeler ile kar\u015f\u0131l\u0131kl\u0131 ziyaretlerin artt\u0131r\u0131lmas\u0131 \u00f6nemini kaydetti. Vatanda\u015flara hizmet \u00e7al\u0131\u015fmalar\u0131nda zaman s\u00fcresinin &hellip;<\/p>\n","protected":false},"author":1,"featured_media":152531,"comment_status":"closed","ping_status":"closed","sticky":false,"template":"","format":"standard","meta":{"footnotes":""},"categories":[479,17988,478],"tags":[2755,16591,12240,22181],"class_list":["post-152527","post","type-post","status-publish","format-standard","has-post-thumbnail","","category-haberler-yerel","category-son-haberler","category-yerel","tag-sam","tag-suriye","tag-suriye-hukumeti","tag-suriyeliler"],"_links":{"self":[{"href":"https:\/\/archive.sana.sy\/tr\/index.php?rest_route=\/wp\/v2\/posts\/152527","targetHints":{"allow":["GET"]}}],"collection":[{"href":"https:\/\/archive.sana.sy\/tr\/index.php?rest_route=\/wp\/v2\/posts"}],"about":[{"href":"https:\/\/archive.sana.sy\/tr\/index.php?rest_route=\/wp\/v2\/types\/post"}],"author":[{"embeddable":true,"href":"https:\/\/archive.sana.sy\/tr\/index.php?rest_route=\/wp\/v2\/users\/1"}],"replies":[{"embeddable":true,"href":"https:\/\/archive.sana.sy\/tr\/index.php?rest_route=%2Fwp%2Fv2%2Fcomments&post=152527"}],"version-history":[{"count":0,"href":"https:\/\/archive.sana.sy\/tr\/index.php?rest_route=\/wp\/v2\/posts\/152527\/revisions"}],"wp:featuredmedia":[{"embeddable":true,"href":"https:\/\/archive.sana.sy\/tr\/index.php?rest_route=\/wp\/v2\/media\/152531"}],"wp:attachment":[{"href":"https:\/\/archive.sana.sy\/tr\/index.php?rest_route=%2Fwp%2Fv2%2Fmedia&parent=152527"}],"wp:term":[{"taxonomy":"category","embeddable":true,"href":"https:\/\/archive.sana.sy\/tr\/index.php?rest_route=%2Fwp%2Fv2%2Fcategories&post=152527"},{"taxonomy":"post_tag","embeddable":true,"href":"https:\/\/archive.sana.sy\/tr\/index.php?rest_route=%2Fwp%2Fv2%2Ftags&post=152527"}],"curies":[{"name":"wp","href":"https:\/\/api.w.org\/{rel}","templated":true}]}}