{"id":152538,"date":"2018-06-25T13:37:50","date_gmt":"2018-06-25T10:37:50","guid":{"rendered":"https:\/\/www.sana.sy\/tr\/?p=152538"},"modified":"2018-06-26T15:06:19","modified_gmt":"2018-06-26T12:06:19","slug":"abd-dsgnin-isbirligi-ile-isid-komutanlarini-helikopterle-aktardi","status":"publish","type":"post","link":"https:\/\/archive.sana.sy\/tr\/?p=152538","title":{"rendered":"ABD DSG\u2019nin \u0130\u015fbirli\u011fi ile I\u015e\u0130D Komutanlar\u0131n\u0131 Helikopterle Aktard\u0131"},"content":{"rendered":"<p>HASEKE \u2013 Suriye ve halk\u0131na kar\u015f\u0131 sava\u015f\u0131nda I\u015e\u0130D ve di\u011fer ter\u00f6r \u00f6rg\u00fctleri edat olarak kullanan ABD, Irak s\u0131n\u0131rlar\u0131na yak\u0131n Tveymin B\u00f6lgesinde I\u015e\u0130D\u2019in iki az\u0131l\u0131 komutan\u0131n\u0131 koalisyona tabi helikopterle ta\u015f\u0131yarak ba\u015fka b\u00f6lgelere aktard\u0131.<\/p>\n<p>B\u00f6lgede yerel kaynaklar SANA\u2019ya aktard\u0131klar\u0131 haberde; ABD\u2019nin koalisyon g\u00fc\u00e7lerine ait iki helikopter ile Tveymin Beldesinden I\u015e\u0130D\u2019li iki komutan\u0131 al\u0131p onlar\u0131 \u015eeddadi B\u00f6lgesinde bulunan i\u015fgalci ABD g\u00fc\u00e7lerinin \u00fcss\u00fcne ta\u015f\u0131d\u0131\u011f\u0131n\u0131 vurgulad\u0131.<\/p>\n<p>Kaynaklar I\u015e\u0130D\u2019li komutanlar\u0131 \u015eeddadi B\u00f6lgesindeki \u00fcsse aktarma operasyonunda hi\u00e7bir \u00e7at\u0131\u015fman\u0131n olmad\u0131\u011f\u0131n\u0131, operasyonun ABD komutas\u0131 ve deste\u011findeki \u2018Demokratik Suriye G\u00fc\u00e7leri\u2019nin i\u015fbirli\u011fi ve koordinasyonu ile ger\u00e7ekle\u015fti\u011finin alt\u0131n\u0131 \u00e7izdi.<\/p>\n<p>ABD ve Suriye&#8217;nin do\u011fusunda edat olarak kulland\u0131\u011f\u0131 DSG g\u00fc\u00e7lerinin daha \u00f6nce de bir\u00e7ok b\u00f6lgede I\u015e\u0130D\u2019e destek ve yard\u0131mlarda bulunduklar\u0131 g\u00f6r\u00fcnt\u00fc ve kan\u0131tlarla tespit edildi.<\/p>\n","protected":false},"excerpt":{"rendered":"<p>HASEKE \u2013 Suriye ve halk\u0131na kar\u015f\u0131 sava\u015f\u0131nda I\u015e\u0130D ve di\u011fer ter\u00f6r \u00f6rg\u00fctleri edat olarak kullanan ABD, Irak s\u0131n\u0131rlar\u0131na yak\u0131n Tveymin B\u00f6lgesinde I\u015e\u0130D\u2019in iki az\u0131l\u0131 komutan\u0131n\u0131 koalisyona tabi helikopterle ta\u015f\u0131yarak ba\u015fka b\u00f6lgelere aktard\u0131. B\u00f6lgede yerel kaynaklar SANA\u2019ya aktard\u0131klar\u0131 haberde; ABD\u2019nin koalisyon g\u00fc\u00e7lerine ait iki helikopter ile Tveymin Beldesinden I\u015e\u0130D\u2019li iki komutan\u0131 al\u0131p onlar\u0131 \u015eeddadi B\u00f6lgesinde bulunan &hellip;<\/p>\n","protected":false},"author":1,"featured_media":152547,"comment_status":"closed","ping_status":"closed","sticky":false,"template":"","format":"standard","meta":{"footnotes":""},"categories":[479,575,17988,478],"tags":[29636,18576,18577,31664,32819,1140,2318,36333,23307,19442,16591,22181,22717],"class_list":["post-152538","post","type-post","status-publish","format-standard","has-post-thumbnail","","category-haberler-yerel","category-olaylar-ve-gercekler","category-son-haberler","category-yerel","tag-abd-gucleri","tag-daes","tag-deas","tag-demokratik-suriye-gucleri","tag-dsg","tag-haseke","tag-isid","tag-kurt-militanlar","tag-pkk","tag-seddadi","tag-suriye","tag-suriyeliler","tag-ypg"],"_links":{"self":[{"href":"https:\/\/archive.sana.sy\/tr\/index.php?rest_route=\/wp\/v2\/posts\/152538","targetHints":{"allow":["GET"]}}],"collection":[{"href":"https:\/\/archive.sana.sy\/tr\/index.php?rest_route=\/wp\/v2\/posts"}],"about":[{"href":"https:\/\/archive.sana.sy\/tr\/index.php?rest_route=\/wp\/v2\/types\/post"}],"author":[{"embeddable":true,"href":"https:\/\/archive.sana.sy\/tr\/index.php?rest_route=\/wp\/v2\/users\/1"}],"replies":[{"embeddable":true,"href":"https:\/\/archive.sana.sy\/tr\/index.php?rest_route=%2Fwp%2Fv2%2Fcomments&post=152538"}],"version-history":[{"count":0,"href":"https:\/\/archive.sana.sy\/tr\/index.php?rest_route=\/wp\/v2\/posts\/152538\/revisions"}],"wp:featuredmedia":[{"embeddable":true,"href":"https:\/\/archive.sana.sy\/tr\/index.php?rest_route=\/wp\/v2\/media\/152547"}],"wp:attachment":[{"href":"https:\/\/archive.sana.sy\/tr\/index.php?rest_route=%2Fwp%2Fv2%2Fmedia&parent=152538"}],"wp:term":[{"taxonomy":"category","embeddable":true,"href":"https:\/\/archive.sana.sy\/tr\/index.php?rest_route=%2Fwp%2Fv2%2Fcategories&post=152538"},{"taxonomy":"post_tag","embeddable":true,"href":"https:\/\/archive.sana.sy\/tr\/index.php?rest_route=%2Fwp%2Fv2%2Ftags&post=152538"}],"curies":[{"name":"wp","href":"https:\/\/api.w.org\/{rel}","templated":true}]}}