{"id":152596,"date":"2018-06-26T17:10:28","date_gmt":"2018-06-26T14:10:28","guid":{"rendered":"https:\/\/www.sana.sy\/tr\/?p=152596"},"modified":"2018-06-27T14:34:43","modified_gmt":"2018-06-27T11:34:43","slug":"busr-el-harir-ve-mleyhat-el-atas-beldeleri-ordunun-kontrolunde","status":"publish","type":"post","link":"https:\/\/archive.sana.sy\/tr\/?p=152596","title":{"rendered":"Ordu Dera\u2019da Geni\u015f Kapmaml\u0131 Operasyonlar Ba\u015flatt\u0131"},"content":{"rendered":"<p>DERA \u2013 SANA\u2019n\u0131n sava\u015f muhabiri ordu birliklerimizin Dera Kentinin g\u00fcneydo\u011fu kesiminde d\u0131\u015f g\u00fc\u00e7lerin talimat ve deste\u011fi ile hareket eden ter\u00f6ristlere kar\u015f\u0131 sava\u015fan kara g\u00fc\u00e7leri \u00f6n\u00fcnde ter\u00f6ristlerin karargah, siper ve hareketlenmelerini yo\u011fun ate\u015fe tuttu\u011funu belirtti.<\/p>\n<p>Sava\u015f muhabiri ordu birliklerimizin Dera\u2019da Dera Beled ve Baraj Yolu b\u00f6lgelerindeki ter\u00f6ristler ile \u00dcrd\u00fcn s\u0131n\u0131rlar\u0131 aras\u0131nda ikmal ve destek hatlar\u0131n\u0131 kesme ama\u00e7l\u0131 geni\u015f operasyon ba\u015flatt\u0131klar\u0131n\u0131 aktard\u0131.<\/p>\n<p><a href=\"https:\/\/www.sana.sy\/tr\/wp-content\/uploads\/2018\/06\/1-214.jpg\"><img loading=\"lazy\" decoding=\"async\" class=\"alignright wp-image-152706 size-medium\" src=\"https:\/\/www.sana.sy\/tr\/wp-content\/uploads\/2018\/06\/1-214-300x225.jpg\" alt=\"\" width=\"300\" height=\"225\" srcset=\"https:\/\/archive.sana.sy\/tr\/wp-content\/uploads\/2018\/06\/1-214-300x225.jpg 300w, https:\/\/archive.sana.sy\/tr\/wp-content\/uploads\/2018\/06\/1-214-150x113.jpg 150w, https:\/\/archive.sana.sy\/tr\/wp-content\/uploads\/2018\/06\/1-214-768x576.jpg 768w, https:\/\/archive.sana.sy\/tr\/wp-content\/uploads\/2018\/06\/1-214-1024x768.jpg 1024w, https:\/\/archive.sana.sy\/tr\/wp-content\/uploads\/2018\/06\/1-214.jpg 1200w\" sizes=\"auto, (max-width: 300px) 100vw, 300px\" \/><\/a>Askeri bir kaynak ise SANA\u2019ya a\u00e7\u0131klamalar\u0131nda; ordu birliklerimizin Dera k\u0131rsal\u0131 Nahite Beldesinde ter\u00f6ristleri a\u011f\u0131r kay\u0131plara u\u011frat\u0131p \u00f6nemli ilerlemeler kaydetmeye devam ettiklerini aktard\u0131.<\/p>\n<p>Askeri kaynak ordu birliklerimizin Mleyha Beldesine girip Suriye&#8217;nin \u015fanl\u0131 bayra\u011f\u0131n\u0131 belde semalar\u0131nda dalgaland\u0131rmalar\u0131 ard\u0131ndan Hrek Beldesi kenarlar\u0131na ula\u015ft\u0131klar\u0131n\u0131 kaydetti.<\/p>\n<p>Belli ba\u015fl\u0131 devletlerin destek ve komutas\u0131nda hareket eden ter\u00f6ristlerin be\u015feri ve ekipman a\u00e7\u0131s\u0131ndan ciddi kay\u0131plara u\u011frat\u0131ld\u0131klar\u0131na dikkat \u00e7eken askeri kaynak; a\u011f\u0131r kay\u0131plar\u0131 ve \u00f6nemli mevkileri kaybetmeleri ard\u0131ndan ter\u00f6ristlerin saflar\u0131nda b\u00fcy\u00fck bir \u00e7\u00f6k\u00fc\u015f ve pani\u011fin ya\u015fand\u0131\u011f\u0131na vurgu yapt\u0131.<\/p>\n<p>G\u00fcn\u00fcn erken saatlerinde askeri bir kaynak, ordu birliklerimizin Dera k\u0131rsal\u0131n\u0131n kuzeyinde destek\u00e7i ve m\u00fcttefik g\u00fc\u00e7lerle i\u015fbirli\u011fi i\u00e7inde Busr el Harir ve Mleyhat el Ata\u015f beldelerini ter\u00f6ristlerden kurtar\u0131p halk\u0131n g\u00fcvenli\u011fini temin ettiklerini belirtmi\u015fti.<\/p>\n<p><a href=\"https:\/\/www.sana.sy\/tr\/wp-content\/uploads\/2018\/06\/3-70.jpg\"><img loading=\"lazy\" decoding=\"async\" class=\"alignright wp-image-152708 size-medium\" src=\"https:\/\/www.sana.sy\/tr\/wp-content\/uploads\/2018\/06\/3-70-300x225.jpg\" alt=\"\" width=\"300\" height=\"225\" srcset=\"https:\/\/archive.sana.sy\/tr\/wp-content\/uploads\/2018\/06\/3-70-300x225.jpg 300w, https:\/\/archive.sana.sy\/tr\/wp-content\/uploads\/2018\/06\/3-70-150x113.jpg 150w, https:\/\/archive.sana.sy\/tr\/wp-content\/uploads\/2018\/06\/3-70-768x576.jpg 768w, https:\/\/archive.sana.sy\/tr\/wp-content\/uploads\/2018\/06\/3-70-1024x768.jpg 1024w, https:\/\/archive.sana.sy\/tr\/wp-content\/uploads\/2018\/06\/3-70.jpg 1200w\" sizes=\"auto, (max-width: 300px) 100vw, 300px\" \/><\/a>Operasyonlarda \u0130srail\u2019in destekleyip y\u00f6nlendirdi\u011fi Nusra Cephesine tabi y\u00fcksek say\u0131da ter\u00f6ristin \u00f6ld\u00fcr\u00fcld\u00fc\u011f\u00fcne dikkat \u00e7eken askeri kaynak; ter\u00f6ristlere ait bir tank ve iki BMB arac\u0131n\u0131n yan\u0131 s\u0131ra b\u00fcy\u00fck miktarda ve farkl\u0131 t\u00fcrlerde silah ve m\u00fchimmat ele ge\u00e7irildi\u011fini belirtti.<\/p>\n<p>\u0130ki beldenin b\u00f6lgede ter\u00f6re kar\u015f\u0131 operasyonlar\u0131n seyrinde b\u00fcy\u00fck bir \u00f6nem ta\u015f\u0131d\u0131\u011f\u0131na dikkat \u00e7eken askeri kaynak; ordu birliklerimizin bu beldelerde ter\u00f6ristlerin yok olmadan \u00f6nce \u00f6zel ve kamu m\u00fclklere yerle\u015ftirdikleri bomba d\u00fczenekleri ve may\u0131nlar\u0131 etkisizle\u015ftirme operasyonu ba\u015flatt\u0131klar\u0131n\u0131 kaydetti.<\/p>\n","protected":false},"excerpt":{"rendered":"<p>DERA \u2013 SANA\u2019n\u0131n sava\u015f muhabiri ordu birliklerimizin Dera Kentinin g\u00fcneydo\u011fu kesiminde d\u0131\u015f g\u00fc\u00e7lerin talimat ve deste\u011fi ile hareket eden ter\u00f6ristlere kar\u015f\u0131 sava\u015fan kara g\u00fc\u00e7leri \u00f6n\u00fcnde ter\u00f6ristlerin karargah, siper ve hareketlenmelerini yo\u011fun ate\u015fe tuttu\u011funu belirtti. Sava\u015f muhabiri ordu birliklerimizin Dera\u2019da Dera Beled ve Baraj Yolu b\u00f6lgelerindeki ter\u00f6ristler ile \u00dcrd\u00fcn s\u0131n\u0131rlar\u0131 aras\u0131nda ikmal ve destek hatlar\u0131n\u0131 kesme &hellip;<\/p>\n","protected":false},"author":1,"featured_media":152707,"comment_status":"closed","ping_status":"closed","sticky":false,"template":"","format":"standard","meta":{"footnotes":""},"categories":[479,575,17988,478],"tags":[3464,1295,2755,11549,19034,22181,28327,4076],"class_list":["post-152596","post","type-post","status-publish","format-standard","has-post-thumbnail","","category-haberler-yerel","category-olaylar-ve-gercekler","category-son-haberler","category-yerel","tag-nusra-cephesi","tag-dera","tag-sam","tag-suriye-ordusu","tag-suriyeli-muhalifler","tag-suriyeliler","tag-tahrir-el-sam","tag-terorle-mucadele"],"_links":{"self":[{"href":"https:\/\/archive.sana.sy\/tr\/index.php?rest_route=\/wp\/v2\/posts\/152596","targetHints":{"allow":["GET"]}}],"collection":[{"href":"https:\/\/archive.sana.sy\/tr\/index.php?rest_route=\/wp\/v2\/posts"}],"about":[{"href":"https:\/\/archive.sana.sy\/tr\/index.php?rest_route=\/wp\/v2\/types\/post"}],"author":[{"embeddable":true,"href":"https:\/\/archive.sana.sy\/tr\/index.php?rest_route=\/wp\/v2\/users\/1"}],"replies":[{"embeddable":true,"href":"https:\/\/archive.sana.sy\/tr\/index.php?rest_route=%2Fwp%2Fv2%2Fcomments&post=152596"}],"version-history":[{"count":0,"href":"https:\/\/archive.sana.sy\/tr\/index.php?rest_route=\/wp\/v2\/posts\/152596\/revisions"}],"wp:featuredmedia":[{"embeddable":true,"href":"https:\/\/archive.sana.sy\/tr\/index.php?rest_route=\/wp\/v2\/media\/152707"}],"wp:attachment":[{"href":"https:\/\/archive.sana.sy\/tr\/index.php?rest_route=%2Fwp%2Fv2%2Fmedia&parent=152596"}],"wp:term":[{"taxonomy":"category","embeddable":true,"href":"https:\/\/archive.sana.sy\/tr\/index.php?rest_route=%2Fwp%2Fv2%2Fcategories&post=152596"},{"taxonomy":"post_tag","embeddable":true,"href":"https:\/\/archive.sana.sy\/tr\/index.php?rest_route=%2Fwp%2Fv2%2Ftags&post=152596"}],"curies":[{"name":"wp","href":"https:\/\/api.w.org\/{rel}","templated":true}]}}