{"id":152674,"date":"2018-06-26T16:27:50","date_gmt":"2018-06-26T13:27:50","guid":{"rendered":"https:\/\/www.sana.sy\/tr\/?p=152674"},"modified":"2018-06-29T12:49:27","modified_gmt":"2018-06-29T09:49:27","slug":"terore-karsi-savasan-suriyenin-saldirilara-maruz-kalmasi-kabul-edilemez","status":"publish","type":"post","link":"https:\/\/archive.sana.sy\/tr\/?p=152674","title":{"rendered":"Ter\u00f6re Kar\u015f\u0131 Sava\u015fan Suriye&#8217;nin Sald\u0131r\u0131lara Maruz Kalmas\u0131 Kabul Edilemez"},"content":{"rendered":"<p>\u015eAM \u2013 Halk Meclisi Ba\u015fkan\u0131 Hammuda Sabba\u011f bug\u00fcn \u00c7ek Cumhuriyetinin \u015eam B\u00fcy\u00fckel\u00e7isi Eva Filipi ile bir araya gelirken, Halk Meclisinde Suriye \u00c7ek Parlamenter Dostluk Cemiyeti \u00fcyeleri Filipi ile bir toplant\u0131 d\u00fczenledi.<\/p>\n<p><a href=\"https:\/\/www.sana.sy\/tr\/wp-content\/uploads\/2018\/06\/4-43.jpg\"><img loading=\"lazy\" decoding=\"async\" class=\"alignright wp-image-152676 size-medium\" src=\"https:\/\/www.sana.sy\/tr\/wp-content\/uploads\/2018\/06\/4-43-300x150.jpg\" alt=\"\" width=\"300\" height=\"150\" srcset=\"https:\/\/archive.sana.sy\/tr\/wp-content\/uploads\/2018\/06\/4-43-300x150.jpg 300w, https:\/\/archive.sana.sy\/tr\/wp-content\/uploads\/2018\/06\/4-43-150x75.jpg 150w, https:\/\/archive.sana.sy\/tr\/wp-content\/uploads\/2018\/06\/4-43.jpg 660w\" sizes=\"auto, (max-width: 300px) 100vw, 300px\" \/><\/a>\u0130ki \u00fclke ve parlamentolar\u0131 aras\u0131nda ili\u015fkilerin muhtelif alanlarda peki\u015ftirilmesi olanaklar\u0131n\u0131n masaya yat\u0131r\u0131ld\u0131\u011f\u0131 toplant\u0131larda, bu ba\u011flamda ortak \u00e7al\u0131\u015ftaylar\u0131n d\u00fczenlenmesi ve kar\u015f\u0131l\u0131kl\u0131 ziyaretlerin peki\u015ftirilmesi \u00f6nemini kaydetti.<\/p>\n<p>Halk Meclisi Ba\u015fkan\u0131 Sabba\u011f Suriye ve Suriyelilerin gelece\u011fini sadece ve sadece Suriyelilerin kararla\u015ft\u0131raca\u011f\u0131n\u0131, hi\u00e7bir yabanc\u0131 g\u00fcc\u00fcn bu konuda talimat ya da dayand\u0131rmalarda bulunmalar\u0131na izin verilmeyece\u011fini vurgulad\u0131.<\/p>\n<p><a href=\"https:\/\/www.sana.sy\/tr\/wp-content\/uploads\/2018\/06\/3-68.jpg\"><img loading=\"lazy\" decoding=\"async\" class=\"alignright wp-image-152677 size-medium\" src=\"https:\/\/www.sana.sy\/tr\/wp-content\/uploads\/2018\/06\/3-68-300x168.jpg\" alt=\"\" width=\"300\" height=\"168\" srcset=\"https:\/\/archive.sana.sy\/tr\/wp-content\/uploads\/2018\/06\/3-68-300x168.jpg 300w, https:\/\/archive.sana.sy\/tr\/wp-content\/uploads\/2018\/06\/3-68-150x84.jpg 150w, https:\/\/archive.sana.sy\/tr\/wp-content\/uploads\/2018\/06\/3-68.jpg 660w\" sizes=\"auto, (max-width: 300px) 100vw, 300px\" \/><\/a>Sabba\u011f t\u00fcm d\u00fcnya ve halklar\u0131na kar\u015f\u0131 ciddi bir tehdit te\u015fkil eden radikal ter\u00f6re kar\u015f\u0131 sava\u015fan Suriye&#8217;nin bu sava\u015fta sadece kendini de\u011fil, t\u00fcm d\u00fcnya halklar\u0131n\u0131 savundu\u011funa dikkat \u00e7ekti. Suriye&#8217;nin bunun mukabilinde d\u00fcnyan\u0131n hegemonyac\u0131 ve s\u00f6m\u00fcr\u00fcc\u00fc devletleri taraf\u0131ndan \u2018ter\u00f6rle m\u00fccadele bahanesi alt\u0131nda sald\u0131r\u0131lara maruz kald\u0131\u011f\u0131n\u0131 kaydeden Sabba\u011f; bunun kabul edilemez bir durum oldu\u011funu ifade etti.<\/p>\n<p>\u00c7ek Cumhuriyeti B\u00fcy\u00fckel\u00e7isi Filipi Suriye&#8217;nin maruz kald\u0131\u011f\u0131 muhtelif y\u00f6nl\u00fc sava\u015fa ra\u011fmen ger\u00e7ekle\u015ftirdi\u011fi reformlar ve ya\u015fad\u0131\u011f\u0131 demokrasinin takdire \u015fayan oldu\u011funu belirtti. Filipi \u00fclkesinin Suriye&#8217;ye yard\u0131m ve destek ba\u011flam\u0131nda elinden gelen her gayreti g\u00f6stermeye devam edece\u011fini ifade etti.<\/p>\n","protected":false},"excerpt":{"rendered":"<p>\u015eAM \u2013 Halk Meclisi Ba\u015fkan\u0131 Hammuda Sabba\u011f bug\u00fcn \u00c7ek Cumhuriyetinin \u015eam B\u00fcy\u00fckel\u00e7isi Eva Filipi ile bir araya gelirken, Halk Meclisinde Suriye \u00c7ek Parlamenter Dostluk Cemiyeti \u00fcyeleri Filipi ile bir toplant\u0131 d\u00fczenledi. \u0130ki \u00fclke ve parlamentolar\u0131 aras\u0131nda ili\u015fkilerin muhtelif alanlarda peki\u015ftirilmesi olanaklar\u0131n\u0131n masaya yat\u0131r\u0131ld\u0131\u011f\u0131 toplant\u0131larda, bu ba\u011flamda ortak \u00e7al\u0131\u015ftaylar\u0131n d\u00fczenlenmesi ve kar\u015f\u0131l\u0131kl\u0131 ziyaretlerin peki\u015ftirilmesi \u00f6nemini kaydetti. &hellip;<\/p>\n","protected":false},"author":1,"featured_media":152675,"comment_status":"closed","ping_status":"closed","sticky":false,"template":"","format":"standard","meta":{"footnotes":""},"categories":[479,17988,478],"tags":[34295,23965,36602,34458,16591,22181],"class_list":["post-152674","post","type-post","status-publish","format-standard","has-post-thumbnail","","category-haberler-yerel","category-son-haberler","category-yerel","tag-cek","tag-cek-cumhuriyetinin-sam-buyukelcisi-eva-filipi","tag-dostluk-cemiyeti-uyeleri","tag-halk-meclisi-baskani-hammuda-sabbag","tag-suriye","tag-suriyeliler"],"_links":{"self":[{"href":"https:\/\/archive.sana.sy\/tr\/index.php?rest_route=\/wp\/v2\/posts\/152674","targetHints":{"allow":["GET"]}}],"collection":[{"href":"https:\/\/archive.sana.sy\/tr\/index.php?rest_route=\/wp\/v2\/posts"}],"about":[{"href":"https:\/\/archive.sana.sy\/tr\/index.php?rest_route=\/wp\/v2\/types\/post"}],"author":[{"embeddable":true,"href":"https:\/\/archive.sana.sy\/tr\/index.php?rest_route=\/wp\/v2\/users\/1"}],"replies":[{"embeddable":true,"href":"https:\/\/archive.sana.sy\/tr\/index.php?rest_route=%2Fwp%2Fv2%2Fcomments&post=152674"}],"version-history":[{"count":0,"href":"https:\/\/archive.sana.sy\/tr\/index.php?rest_route=\/wp\/v2\/posts\/152674\/revisions"}],"wp:featuredmedia":[{"embeddable":true,"href":"https:\/\/archive.sana.sy\/tr\/index.php?rest_route=\/wp\/v2\/media\/152675"}],"wp:attachment":[{"href":"https:\/\/archive.sana.sy\/tr\/index.php?rest_route=%2Fwp%2Fv2%2Fmedia&parent=152674"}],"wp:term":[{"taxonomy":"category","embeddable":true,"href":"https:\/\/archive.sana.sy\/tr\/index.php?rest_route=%2Fwp%2Fv2%2Fcategories&post=152674"},{"taxonomy":"post_tag","embeddable":true,"href":"https:\/\/archive.sana.sy\/tr\/index.php?rest_route=%2Fwp%2Fv2%2Ftags&post=152674"}],"curies":[{"name":"wp","href":"https:\/\/api.w.org\/{rel}","templated":true}]}}