{"id":152682,"date":"2018-06-26T16:37:36","date_gmt":"2018-06-26T13:37:36","guid":{"rendered":"https:\/\/www.sana.sy\/tr\/?p=152682"},"modified":"2018-06-29T12:45:46","modified_gmt":"2018-06-29T09:45:46","slug":"tekstil-sanayisini-gelistirecek-calisma-grubu-kuruldu","status":"publish","type":"post","link":"https:\/\/archive.sana.sy\/tr\/?p=152682","title":{"rendered":"Tekstil Sanayisini Geli\u015ftirecek \u00c7al\u0131\u015fma Grubu Kuruldu"},"content":{"rendered":"<p>\u015eAM \u2013 Sanayi Bakanl\u0131\u011f\u0131 bug\u00fcn; Suriye&#8217;nin kalitesiyle d\u00fcnya geneline \u00fcn sald\u0131\u011f\u0131 tekstil sanayisini geli\u015ftirme ve kalk\u0131nd\u0131rmakla birlikte bu alandaki sanayicilere te\u015fvik icraatlar\u0131nda bulunacak bir \u00e7al\u0131\u015fma grubu te\u015fkil etti.<\/p>\n<p>Sanayi Bakan\u0131 Yard\u0131mc\u0131s\u0131 Cemal el \u00d6mer\u2019in ba\u015fkanl\u0131\u011f\u0131nda kurulan \u00e7al\u0131\u015fma grubu pamuk ekimi ve \u00e7\u0131r\u00e7\u0131r\u0131ndan son a\u015famas\u0131na kadar tekstil sanayisinin farkl\u0131 s\u00fcre\u00e7leri ve bile\u015fenlerini geli\u015ftirmekle y\u00fck\u00fcml\u00fc k\u0131l\u0131nd\u0131.<\/p>\n<p>\u0130lgili t\u00fcm bakanl\u0131k ve kurumlardan uzman ve yetkililer i\u00e7eren komite \u00e7al\u0131\u015fmalar\u0131 i\u00e7in belirli bir zaman s\u00fcresi tan\u0131nd\u0131.<\/p>\n","protected":false},"excerpt":{"rendered":"<p>\u015eAM \u2013 Sanayi Bakanl\u0131\u011f\u0131 bug\u00fcn; Suriye&#8217;nin kalitesiyle d\u00fcnya geneline \u00fcn sald\u0131\u011f\u0131 tekstil sanayisini geli\u015ftirme ve kalk\u0131nd\u0131rmakla birlikte bu alandaki sanayicilere te\u015fvik icraatlar\u0131nda bulunacak bir \u00e7al\u0131\u015fma grubu te\u015fkil etti. Sanayi Bakan\u0131 Yard\u0131mc\u0131s\u0131 Cemal el \u00d6mer\u2019in ba\u015fkanl\u0131\u011f\u0131nda kurulan \u00e7al\u0131\u015fma grubu pamuk ekimi ve \u00e7\u0131r\u00e7\u0131r\u0131ndan son a\u015famas\u0131na kadar tekstil sanayisinin farkl\u0131 s\u00fcre\u00e7leri ve bile\u015fenlerini geli\u015ftirmekle y\u00fck\u00fcml\u00fc k\u0131l\u0131nd\u0131. \u0130lgili &hellip;<\/p>\n","protected":false},"author":1,"featured_media":152683,"comment_status":"closed","ping_status":"closed","sticky":false,"template":"","format":"standard","meta":{"footnotes":""},"categories":[485,486,17988],"tags":[36609,36607,22367,36608,16591],"class_list":["post-152682","post","type-post","status-publish","format-standard","has-post-thumbnail","","category-is-ve-sermaye","category-haberler-is-ve-sermaye","category-son-haberler","tag-gelistirme","tag-sanayi-bakani-yardimcisi-cemal-el-omer","tag-sanayi-bakanligi","tag-sanayiciler","tag-suriye"],"_links":{"self":[{"href":"https:\/\/archive.sana.sy\/tr\/index.php?rest_route=\/wp\/v2\/posts\/152682","targetHints":{"allow":["GET"]}}],"collection":[{"href":"https:\/\/archive.sana.sy\/tr\/index.php?rest_route=\/wp\/v2\/posts"}],"about":[{"href":"https:\/\/archive.sana.sy\/tr\/index.php?rest_route=\/wp\/v2\/types\/post"}],"author":[{"embeddable":true,"href":"https:\/\/archive.sana.sy\/tr\/index.php?rest_route=\/wp\/v2\/users\/1"}],"replies":[{"embeddable":true,"href":"https:\/\/archive.sana.sy\/tr\/index.php?rest_route=%2Fwp%2Fv2%2Fcomments&post=152682"}],"version-history":[{"count":0,"href":"https:\/\/archive.sana.sy\/tr\/index.php?rest_route=\/wp\/v2\/posts\/152682\/revisions"}],"wp:featuredmedia":[{"embeddable":true,"href":"https:\/\/archive.sana.sy\/tr\/index.php?rest_route=\/wp\/v2\/media\/152683"}],"wp:attachment":[{"href":"https:\/\/archive.sana.sy\/tr\/index.php?rest_route=%2Fwp%2Fv2%2Fmedia&parent=152682"}],"wp:term":[{"taxonomy":"category","embeddable":true,"href":"https:\/\/archive.sana.sy\/tr\/index.php?rest_route=%2Fwp%2Fv2%2Fcategories&post=152682"},{"taxonomy":"post_tag","embeddable":true,"href":"https:\/\/archive.sana.sy\/tr\/index.php?rest_route=%2Fwp%2Fv2%2Ftags&post=152682"}],"curies":[{"name":"wp","href":"https:\/\/api.w.org\/{rel}","templated":true}]}}