{"id":152685,"date":"2018-06-26T16:44:16","date_gmt":"2018-06-26T13:44:16","guid":{"rendered":"https:\/\/www.sana.sy\/tr\/?p=152685"},"modified":"2018-06-29T12:49:22","modified_gmt":"2018-06-29T09:49:22","slug":"teroristlerin-sabote-ettikleri-kultur-merkezleri-onariliyor","status":"publish","type":"post","link":"https:\/\/archive.sana.sy\/tr\/?p=152685","title":{"rendered":"Ter\u00f6ristlerin Sabote Ettikleri K\u00fclt\u00fcr Merkezleri Onar\u0131l\u0131yor"},"content":{"rendered":"<p>\u015eAM KIRSALI \u2013 \u015eam \u00c7evre Kent \u0130l K\u00fclt\u00fcr M\u00fcd\u00fcrl\u00fc\u011f\u00fc, Suriye ve halk\u0131na y\u00f6nelik muhtelif y\u00f6nl\u00fc sava\u015fta belli ba\u015fl\u0131 devletlerin edat olarak kulland\u0131klar\u0131 ter\u00f6ristler taraf\u0131ndan sabote edilen k\u00fclt\u00fcr merkezlerini onarma ama\u00e7l\u0131 kapsaml\u0131 bir plan haz\u0131rlad\u0131\u011f\u0131n\u0131 a\u00e7\u0131klad\u0131.<\/p>\n<p><a href=\"https:\/\/www.sana.sy\/tr\/wp-content\/uploads\/2018\/06\/\u0645\u062f\u064a\u0631-\u0627\u0644\u062b\u0642\u0627\u0641\u0629-.jpg\"><img loading=\"lazy\" decoding=\"async\" class=\"alignright wp-image-152686 \" style=\"line-height: 1.5\" src=\"https:\/\/www.sana.sy\/tr\/wp-content\/uploads\/2018\/06\/\u0645\u062f\u064a\u0631-\u0627\u0644\u062b\u0642\u0627\u0641\u0629--240x300.jpg\" alt=\"\" width=\"222\" height=\"278\" srcset=\"https:\/\/archive.sana.sy\/tr\/wp-content\/uploads\/2018\/06\/\u0645\u062f\u064a\u0631-\u0627\u0644\u062b\u0642\u0627\u0641\u0629--240x300.jpg 240w, https:\/\/archive.sana.sy\/tr\/wp-content\/uploads\/2018\/06\/\u0645\u062f\u064a\u0631-\u0627\u0644\u062b\u0642\u0627\u0641\u0629--120x150.jpg 120w, https:\/\/archive.sana.sy\/tr\/wp-content\/uploads\/2018\/06\/\u0645\u062f\u064a\u0631-\u0627\u0644\u062b\u0642\u0627\u0641\u0629--768x961.jpg 768w, https:\/\/archive.sana.sy\/tr\/wp-content\/uploads\/2018\/06\/\u0645\u062f\u064a\u0631-\u0627\u0644\u062b\u0642\u0627\u0641\u0629--818x1024.jpg 818w, https:\/\/archive.sana.sy\/tr\/wp-content\/uploads\/2018\/06\/\u0645\u062f\u064a\u0631-\u0627\u0644\u062b\u0642\u0627\u0641\u0629-.jpg 959w\" sizes=\"auto, (max-width: 222px) 100vw, 222px\" \/><\/a>\u0130l K\u00fclt\u00fcr M\u00fcd\u00fcr\u00fc Galip Zu\u011fbi demokrasi ve insan haklar\u0131 gibi terimlerin arkas\u0131nda saklanan ter\u00f6ristlerin karanl\u0131k ideolojiye sahip radikal ter\u00f6ristlerden farks\u0131z bir \u015fekilde k\u00fclt\u00fcr merkezlerini kas\u0131tl\u0131 bir \u015fekilde ya\u011fmalay\u0131p sabote ettiklerini belirtti.<\/p>\n<p>SANA\u2019ya deme\u00e7 veren Zu\u011fbi; ter\u00f6ristlerin Do\u011fu \u011euta\u2019dan yok edilmeden \u00f6nce \u00f6zel ve kamu t\u00fcm k\u00fclt\u00fcr merkezlerine ciddi anlamda hasar verdiklerine dikkat \u00e7ekti.<\/p>\n<p>Zu\u011fbi m\u00fcd\u00fcrl\u00fc\u011f\u00fcn t\u00fcm k\u00fclt\u00fcr merkezlerinin onar\u0131m\u0131 i\u00e7in kapsaml\u0131 bir plan haz\u0131rlad\u0131\u011f\u0131n\u0131, bu plan\u0131n hayata ge\u00e7irilmesi i\u00e7in de belli bir zaman cetveli belirlendi\u011fini a\u00e7\u0131klad\u0131.<\/p>\n<div id='gallery-1' class='gallery galleryid-152685 gallery-columns-3 gallery-size-thumbnail'><figure class='gallery-item'>\n\t\t\t<div class='gallery-icon portrait'>\n\t\t\t\t<a href='https:\/\/archive.sana.sy\/tr\/wp-content\/uploads\/2018\/06\/6-19.jpg'><img loading=\"lazy\" decoding=\"async\" width=\"103\" height=\"150\" src=\"https:\/\/archive.sana.sy\/tr\/wp-content\/uploads\/2018\/06\/6-19-103x150.jpg\" class=\"attachment-thumbnail size-thumbnail\" alt=\"\" srcset=\"https:\/\/archive.sana.sy\/tr\/wp-content\/uploads\/2018\/06\/6-19-103x150.jpg 103w, https:\/\/archive.sana.sy\/tr\/wp-content\/uploads\/2018\/06\/6-19-206x300.jpg 206w, https:\/\/archive.sana.sy\/tr\/wp-content\/uploads\/2018\/06\/6-19.jpg 456w\" sizes=\"auto, (max-width: 103px) 100vw, 103px\" \/><\/a>\n\t\t\t<\/div><\/figure><figure class='gallery-item'>\n\t\t\t<div class='gallery-icon landscape'>\n\t\t\t\t<a href='https:\/\/archive.sana.sy\/tr\/wp-content\/uploads\/2018\/06\/1-213.jpg'><img loading=\"lazy\" decoding=\"async\" width=\"150\" height=\"100\" src=\"https:\/\/archive.sana.sy\/tr\/wp-content\/uploads\/2018\/06\/1-213-150x100.jpg\" class=\"attachment-thumbnail size-thumbnail\" alt=\"\" srcset=\"https:\/\/archive.sana.sy\/tr\/wp-content\/uploads\/2018\/06\/1-213-150x100.jpg 150w, https:\/\/archive.sana.sy\/tr\/wp-content\/uploads\/2018\/06\/1-213-300x199.jpg 300w, https:\/\/archive.sana.sy\/tr\/wp-content\/uploads\/2018\/06\/1-213-768x510.jpg 768w, https:\/\/archive.sana.sy\/tr\/wp-content\/uploads\/2018\/06\/1-213-310x205.jpg 310w, https:\/\/archive.sana.sy\/tr\/wp-content\/uploads\/2018\/06\/1-213.jpg 960w\" sizes=\"auto, (max-width: 150px) 100vw, 150px\" \/><\/a>\n\t\t\t<\/div><\/figure><figure class='gallery-item'>\n\t\t\t<div class='gallery-icon landscape'>\n\t\t\t\t<a href='https:\/\/archive.sana.sy\/tr\/wp-content\/uploads\/2018\/06\/2-84.jpg'><img loading=\"lazy\" decoding=\"async\" width=\"150\" height=\"100\" src=\"https:\/\/archive.sana.sy\/tr\/wp-content\/uploads\/2018\/06\/2-84-150x100.jpg\" class=\"attachment-thumbnail size-thumbnail\" alt=\"\" srcset=\"https:\/\/archive.sana.sy\/tr\/wp-content\/uploads\/2018\/06\/2-84-150x100.jpg 150w, https:\/\/archive.sana.sy\/tr\/wp-content\/uploads\/2018\/06\/2-84-300x199.jpg 300w, https:\/\/archive.sana.sy\/tr\/wp-content\/uploads\/2018\/06\/2-84-768x510.jpg 768w, https:\/\/archive.sana.sy\/tr\/wp-content\/uploads\/2018\/06\/2-84-310x205.jpg 310w, https:\/\/archive.sana.sy\/tr\/wp-content\/uploads\/2018\/06\/2-84.jpg 960w\" sizes=\"auto, (max-width: 150px) 100vw, 150px\" \/><\/a>\n\t\t\t<\/div><\/figure><figure class='gallery-item'>\n\t\t\t<div class='gallery-icon portrait'>\n\t\t\t\t<a href='https:\/\/archive.sana.sy\/tr\/wp-content\/uploads\/2018\/06\/3-69.jpg'><img loading=\"lazy\" decoding=\"async\" width=\"99\" height=\"150\" src=\"https:\/\/archive.sana.sy\/tr\/wp-content\/uploads\/2018\/06\/3-69-99x150.jpg\" class=\"attachment-thumbnail size-thumbnail\" alt=\"\" srcset=\"https:\/\/archive.sana.sy\/tr\/wp-content\/uploads\/2018\/06\/3-69-99x150.jpg 99w, https:\/\/archive.sana.sy\/tr\/wp-content\/uploads\/2018\/06\/3-69-198x300.jpg 198w, https:\/\/archive.sana.sy\/tr\/wp-content\/uploads\/2018\/06\/3-69.jpg 453w\" sizes=\"auto, (max-width: 99px) 100vw, 99px\" \/><\/a>\n\t\t\t<\/div><\/figure><figure class='gallery-item'>\n\t\t\t<div class='gallery-icon portrait'>\n\t\t\t\t<a href='https:\/\/archive.sana.sy\/tr\/wp-content\/uploads\/2018\/06\/5-28.jpg'><img loading=\"lazy\" decoding=\"async\" width=\"118\" height=\"150\" src=\"https:\/\/archive.sana.sy\/tr\/wp-content\/uploads\/2018\/06\/5-28-118x150.jpg\" class=\"attachment-thumbnail size-thumbnail\" alt=\"\" srcset=\"https:\/\/archive.sana.sy\/tr\/wp-content\/uploads\/2018\/06\/5-28-118x150.jpg 118w, https:\/\/archive.sana.sy\/tr\/wp-content\/uploads\/2018\/06\/5-28-236x300.jpg 236w, https:\/\/archive.sana.sy\/tr\/wp-content\/uploads\/2018\/06\/5-28.jpg 468w\" sizes=\"auto, (max-width: 118px) 100vw, 118px\" \/><\/a>\n\t\t\t<\/div><\/figure>\n\t\t<\/div>\n\n","protected":false},"excerpt":{"rendered":"<p>\u015eAM KIRSALI \u2013 \u015eam \u00c7evre Kent \u0130l K\u00fclt\u00fcr M\u00fcd\u00fcrl\u00fc\u011f\u00fc, Suriye ve halk\u0131na y\u00f6nelik muhtelif y\u00f6nl\u00fc sava\u015fta belli ba\u015fl\u0131 devletlerin edat olarak kulland\u0131klar\u0131 ter\u00f6ristler taraf\u0131ndan sabote edilen k\u00fclt\u00fcr merkezlerini onarma ama\u00e7l\u0131 kapsaml\u0131 bir plan haz\u0131rlad\u0131\u011f\u0131n\u0131 a\u00e7\u0131klad\u0131. \u0130l K\u00fclt\u00fcr M\u00fcd\u00fcr\u00fc Galip Zu\u011fbi demokrasi ve insan haklar\u0131 gibi terimlerin arkas\u0131nda saklanan ter\u00f6ristlerin karanl\u0131k ideolojiye sahip radikal ter\u00f6ristlerden farks\u0131z &hellip;<\/p>\n","protected":false},"author":1,"featured_media":152691,"comment_status":"closed","ping_status":"closed","sticky":false,"template":"","format":"standard","meta":{"footnotes":""},"categories":[516,479,511,17988,478],"tags":[17322,36611,36610,25849,16591,2930],"class_list":["post-152685","post","type-post","status-publish","format-standard","has-post-thumbnail","","category-haberler-kultur-ve-sanat","category-haberler-yerel","category-kultur-ve-sanat","category-son-haberler","category-yerel","tag-dogu-guta","tag-il-kultur-muduru-galip-zugbi","tag-kultur-merkezleri","tag-sam-cevre-kent","tag-suriye","tag-teroristler"],"_links":{"self":[{"href":"https:\/\/archive.sana.sy\/tr\/index.php?rest_route=\/wp\/v2\/posts\/152685","targetHints":{"allow":["GET"]}}],"collection":[{"href":"https:\/\/archive.sana.sy\/tr\/index.php?rest_route=\/wp\/v2\/posts"}],"about":[{"href":"https:\/\/archive.sana.sy\/tr\/index.php?rest_route=\/wp\/v2\/types\/post"}],"author":[{"embeddable":true,"href":"https:\/\/archive.sana.sy\/tr\/index.php?rest_route=\/wp\/v2\/users\/1"}],"replies":[{"embeddable":true,"href":"https:\/\/archive.sana.sy\/tr\/index.php?rest_route=%2Fwp%2Fv2%2Fcomments&post=152685"}],"version-history":[{"count":0,"href":"https:\/\/archive.sana.sy\/tr\/index.php?rest_route=\/wp\/v2\/posts\/152685\/revisions"}],"wp:featuredmedia":[{"embeddable":true,"href":"https:\/\/archive.sana.sy\/tr\/index.php?rest_route=\/wp\/v2\/media\/152691"}],"wp:attachment":[{"href":"https:\/\/archive.sana.sy\/tr\/index.php?rest_route=%2Fwp%2Fv2%2Fmedia&parent=152685"}],"wp:term":[{"taxonomy":"category","embeddable":true,"href":"https:\/\/archive.sana.sy\/tr\/index.php?rest_route=%2Fwp%2Fv2%2Fcategories&post=152685"},{"taxonomy":"post_tag","embeddable":true,"href":"https:\/\/archive.sana.sy\/tr\/index.php?rest_route=%2Fwp%2Fv2%2Ftags&post=152685"}],"curies":[{"name":"wp","href":"https:\/\/api.w.org\/{rel}","templated":true}]}}