{"id":152700,"date":"2018-06-26T17:01:00","date_gmt":"2018-06-26T14:01:00","guid":{"rendered":"https:\/\/www.sana.sy\/tr\/?p=152700"},"modified":"2018-06-26T17:01:00","modified_gmt":"2018-06-26T14:01:00","slug":"askeri-bir-kaynak-sanaya-aciklamasinda-ordu-birliklerimizin-dera-kentinin-guneydogu-kesiminde-dis-guclerin-talimat-ve-destegi-ile-hareket-eden-teroristlere-karsi-savasan-kara-gucleri-onunde-t","status":"publish","type":"post","link":"https:\/\/archive.sana.sy\/tr\/?p=152700","title":{"rendered":"Askeri bir kaynak SANA\u2019ya a\u00e7\u0131klamas\u0131nda ordu birliklerimizin Dera Kentinin g\u00fcneydo\u011fu kesiminde d\u0131\u015f g\u00fc\u00e7lerin talimat ve deste\u011fi ile hareket eden ter\u00f6ristlere kar\u015f\u0131 sava\u015fan kara g\u00fc\u00e7leri \u00f6n\u00fcnde ter\u00f6ristlerin karargah, siper ve hareketlenmelerini yo\u011fun ate\u015fe tuttu\u011funu belirtti"},"content":{"rendered":"<p>Askeri bir kaynak SANA\u2019ya a\u00e7\u0131klamas\u0131nda ordu birliklerimizin Dera Kentinin g\u00fcneydo\u011fu kesiminde d\u0131\u015f g\u00fc\u00e7lerin talimat ve deste\u011fi ile hareket eden ter\u00f6ristlere kar\u015f\u0131 sava\u015fan kara g\u00fc\u00e7leri \u00f6n\u00fcnde ter\u00f6ristlerin karargah, siper ve hareketlenmelerini yo\u011fun ate\u015fe tuttu\u011funu belirtti<\/p>\n<p>&nbsp;<\/p>\n","protected":false},"excerpt":{"rendered":"<p>Askeri bir kaynak SANA\u2019ya a\u00e7\u0131klamas\u0131nda ordu birliklerimizin Dera Kentinin g\u00fcneydo\u011fu kesiminde d\u0131\u015f g\u00fc\u00e7lerin talimat ve deste\u011fi ile hareket eden ter\u00f6ristlere kar\u015f\u0131 sava\u015fan kara g\u00fc\u00e7leri \u00f6n\u00fcnde ter\u00f6ristlerin karargah, siper ve hareketlenmelerini yo\u011fun ate\u015fe tuttu\u011funu belirtti &nbsp;<\/p>\n","protected":false},"author":1,"featured_media":0,"comment_status":"closed","ping_status":"closed","sticky":false,"template":"","format":"standard","meta":{"footnotes":""},"categories":[17991],"tags":[],"class_list":["post-152700","post","type-post","status-publish","format-standard","","category-son-dakika"],"_links":{"self":[{"href":"https:\/\/archive.sana.sy\/tr\/index.php?rest_route=\/wp\/v2\/posts\/152700","targetHints":{"allow":["GET"]}}],"collection":[{"href":"https:\/\/archive.sana.sy\/tr\/index.php?rest_route=\/wp\/v2\/posts"}],"about":[{"href":"https:\/\/archive.sana.sy\/tr\/index.php?rest_route=\/wp\/v2\/types\/post"}],"author":[{"embeddable":true,"href":"https:\/\/archive.sana.sy\/tr\/index.php?rest_route=\/wp\/v2\/users\/1"}],"replies":[{"embeddable":true,"href":"https:\/\/archive.sana.sy\/tr\/index.php?rest_route=%2Fwp%2Fv2%2Fcomments&post=152700"}],"version-history":[{"count":0,"href":"https:\/\/archive.sana.sy\/tr\/index.php?rest_route=\/wp\/v2\/posts\/152700\/revisions"}],"wp:attachment":[{"href":"https:\/\/archive.sana.sy\/tr\/index.php?rest_route=%2Fwp%2Fv2%2Fmedia&parent=152700"}],"wp:term":[{"taxonomy":"category","embeddable":true,"href":"https:\/\/archive.sana.sy\/tr\/index.php?rest_route=%2Fwp%2Fv2%2Fcategories&post=152700"},{"taxonomy":"post_tag","embeddable":true,"href":"https:\/\/archive.sana.sy\/tr\/index.php?rest_route=%2Fwp%2Fv2%2Ftags&post=152700"}],"curies":[{"name":"wp","href":"https:\/\/api.w.org\/{rel}","templated":true}]}}