{"id":152702,"date":"2018-06-26T17:04:30","date_gmt":"2018-06-26T14:04:30","guid":{"rendered":"https:\/\/www.sana.sy\/tr\/?p=152702"},"modified":"2018-06-26T17:15:02","modified_gmt":"2018-06-26T14:15:02","slug":"savas-muhabiri-ordu-birliklerimizin-derada-dera-beled-ve-baraj-yolu-bolgelerindeki-teroristler-ile-urdun-sinirlari-arasinda-ikmal-ve-destek-hatlarini-kesme-amacli-genis-operasyon-baslattiklar","status":"publish","type":"post","link":"https:\/\/archive.sana.sy\/tr\/?p=152702","title":{"rendered":"Sava\u015f muhabiri ordu birliklerimizin Dera\u2019da Dera Beled ve Baraj Yolu b\u00f6lgelerindeki ter\u00f6ristler ile \u00dcrd\u00fcn s\u0131n\u0131rlar\u0131 aras\u0131nda ikmal ve destek hatlar\u0131n\u0131 kesme ama\u00e7l\u0131 geni\u015f operasyon ba\u015flatt\u0131klar\u0131n\u0131 aktard\u0131"},"content":{"rendered":"<p>Sava\u015f muhabiri ordu birliklerimizin Dera\u2019da Dera Beled ve Baraj Yolu b\u00f6lgelerindeki ter\u00f6ristler ile \u00dcrd\u00fcn s\u0131n\u0131rlar\u0131 aras\u0131nda ikmal ve destek hatlar\u0131n\u0131 kesme ama\u00e7l\u0131 geni\u015f operasyon ba\u015flatt\u0131klar\u0131n\u0131 aktard\u0131<\/p>\n","protected":false},"excerpt":{"rendered":"<p>Sava\u015f muhabiri ordu birliklerimizin Dera\u2019da Dera Beled ve Baraj Yolu b\u00f6lgelerindeki ter\u00f6ristler ile \u00dcrd\u00fcn s\u0131n\u0131rlar\u0131 aras\u0131nda ikmal ve destek hatlar\u0131n\u0131 kesme ama\u00e7l\u0131 geni\u015f operasyon ba\u015flatt\u0131klar\u0131n\u0131 aktard\u0131<\/p>\n","protected":false},"author":1,"featured_media":0,"comment_status":"closed","ping_status":"closed","sticky":false,"template":"","format":"standard","meta":{"footnotes":""},"categories":[17991],"tags":[],"class_list":["post-152702","post","type-post","status-publish","format-standard","","category-son-dakika"],"_links":{"self":[{"href":"https:\/\/archive.sana.sy\/tr\/index.php?rest_route=\/wp\/v2\/posts\/152702","targetHints":{"allow":["GET"]}}],"collection":[{"href":"https:\/\/archive.sana.sy\/tr\/index.php?rest_route=\/wp\/v2\/posts"}],"about":[{"href":"https:\/\/archive.sana.sy\/tr\/index.php?rest_route=\/wp\/v2\/types\/post"}],"author":[{"embeddable":true,"href":"https:\/\/archive.sana.sy\/tr\/index.php?rest_route=\/wp\/v2\/users\/1"}],"replies":[{"embeddable":true,"href":"https:\/\/archive.sana.sy\/tr\/index.php?rest_route=%2Fwp%2Fv2%2Fcomments&post=152702"}],"version-history":[{"count":0,"href":"https:\/\/archive.sana.sy\/tr\/index.php?rest_route=\/wp\/v2\/posts\/152702\/revisions"}],"wp:attachment":[{"href":"https:\/\/archive.sana.sy\/tr\/index.php?rest_route=%2Fwp%2Fv2%2Fmedia&parent=152702"}],"wp:term":[{"taxonomy":"category","embeddable":true,"href":"https:\/\/archive.sana.sy\/tr\/index.php?rest_route=%2Fwp%2Fv2%2Fcategories&post=152702"},{"taxonomy":"post_tag","embeddable":true,"href":"https:\/\/archive.sana.sy\/tr\/index.php?rest_route=%2Fwp%2Fv2%2Ftags&post=152702"}],"curies":[{"name":"wp","href":"https:\/\/api.w.org\/{rel}","templated":true}]}}