{"id":152758,"date":"2018-06-27T18:00:17","date_gmt":"2018-06-27T15:00:17","guid":{"rendered":"https:\/\/www.sana.sy\/tr\/?p=152758"},"modified":"2018-06-28T12:01:03","modified_gmt":"2018-06-28T09:01:03","slug":"deyrezzor-badiyesinin-tamami-isidten-kurtarildi-video","status":"publish","type":"post","link":"https:\/\/archive.sana.sy\/tr\/?p=152758","title":{"rendered":"Deyrezzor Badiyesinin Tamam\u0131 I\u015e\u0130D\u2019ten Kurtar\u0131ld\u0131 (video)"},"content":{"rendered":"<p>\u015eAM \u2013 Ordu ve Silahl\u0131 Kuvvetler Genel Komutanl\u0131\u011f\u0131 Deyrezzor Badiyesinin tamam\u0131n\u0131n radikal ter\u00f6r \u00f6rg\u00fct\u00fc I\u015e\u0130D\u2019ten kurtar\u0131ld\u0131\u011f\u0131n\u0131 ilan etti.<\/p>\n<p>Genel komutanl\u0131k yay\u0131nlad\u0131\u011f\u0131 ve SANA\u2019n\u0131n bir n\u00fcshas\u0131n\u0131 ald\u0131\u011f\u0131 b\u00fcltende; Deyrezzor \u0130linde vatan ve vatanda\u015flar\u0131 radikal ter\u00f6re kar\u015f\u0131 savunan ordu birliklerimizin hava g\u00fc\u00e7lerimizin deste\u011fi ile Badiye B\u00f6lgesinin tamam\u0131n\u0131 I\u015e\u0130D\u2019ten kurtararak yakla\u015f\u0131k 5800 kilometre karelik alan\u0131 ter\u00f6rden temizlediklerini vurgulad\u0131.<\/p>\n<p>Komutanl\u0131k ordu birliklerimiz ile I\u015e\u0130D aras\u0131nda ya\u015fanan \u015fiddetli \u00e7at\u0131\u015fmalar zincirinde radikal ter\u00f6r \u00f6rg\u00fct\u00fcn\u00fcn be\u015feri ve ekipman a\u00e7\u0131s\u0131ndan olduk\u00e7a b\u00fcy\u00fck kay\u0131plara u\u011frat\u0131ld\u0131\u011f\u0131na dikkat \u00e7ekti.<\/p>\n<p>Sa\u011f kalan birka\u00e7 ter\u00f6ristin ka\u00e7t\u0131klar\u0131n\u0131 ifade eden komutanl\u0131k, b\u00f6ylelikle ordu birliklerimizin Homs il idari s\u0131n\u0131rlar\u0131na kadar uzanan Badiye B\u00f6lgesinin tamam\u0131n\u0131 ter\u00f6rden ar\u0131nd\u0131r\u0131p kontrollerine alm\u0131\u015f olduklar\u0131n\u0131 vurgulad\u0131.<\/p>\n<p>Komutanl\u0131k b\u00f6lgenin Irak s\u0131n\u0131rlar\u0131na kadar ter\u00f6rden ar\u0131nd\u0131r\u0131lm\u0131\u015f oldu\u011funa dikkat \u00e7ekerken, ordu birliklerimizin ka\u00e7an ter\u00f6ristleri kovalama ve vatan topraklar\u0131n\u0131n her kar\u0131\u015f\u0131n\u0131 ter\u00f6r ve i\u015fgalden kurtarma azim ve kararl\u0131l\u0131\u011f\u0131na bir kez daha alt\u0131n\u0131 \u00e7izdi.<\/p>\n<p>https:\/\/www.youtube.com\/watch?v=sD0h39k9Rc0<\/p>\n","protected":false},"excerpt":{"rendered":"<p>\u015eAM \u2013 Ordu ve Silahl\u0131 Kuvvetler Genel Komutanl\u0131\u011f\u0131 Deyrezzor Badiyesinin tamam\u0131n\u0131n radikal ter\u00f6r \u00f6rg\u00fct\u00fc I\u015e\u0130D\u2019ten kurtar\u0131ld\u0131\u011f\u0131n\u0131 ilan etti. Genel komutanl\u0131k yay\u0131nlad\u0131\u011f\u0131 ve SANA\u2019n\u0131n bir n\u00fcshas\u0131n\u0131 ald\u0131\u011f\u0131 b\u00fcltende; Deyrezzor \u0130linde vatan ve vatanda\u015flar\u0131 radikal ter\u00f6re kar\u015f\u0131 savunan ordu birliklerimizin hava g\u00fc\u00e7lerimizin deste\u011fi ile Badiye B\u00f6lgesinin tamam\u0131n\u0131 I\u015e\u0130D\u2019ten kurtararak yakla\u015f\u0131k 5800 kilometre karelik alan\u0131 ter\u00f6rden temizlediklerini vurgulad\u0131. &hellip;<\/p>\n","protected":false},"author":1,"featured_media":152759,"comment_status":"closed","ping_status":"closed","sticky":false,"template":"","format":"standard","meta":{"footnotes":""},"categories":[479,575,17988,478],"tags":[36625,36624,2770,26768,31597],"class_list":["post-152758","post","type-post","status-publish","format-standard","has-post-thumbnail","","category-haberler-yerel","category-olaylar-ve-gercekler","category-son-haberler","category-yerel","tag-5800-kilometre-karelik","tag-deyrezzor-badiyesi","tag-ordu-ve-silahli-kuvvetler-genel-komutanligi","tag-teror-orgutu-isid","tag-vatandaslari"],"_links":{"self":[{"href":"https:\/\/archive.sana.sy\/tr\/index.php?rest_route=\/wp\/v2\/posts\/152758","targetHints":{"allow":["GET"]}}],"collection":[{"href":"https:\/\/archive.sana.sy\/tr\/index.php?rest_route=\/wp\/v2\/posts"}],"about":[{"href":"https:\/\/archive.sana.sy\/tr\/index.php?rest_route=\/wp\/v2\/types\/post"}],"author":[{"embeddable":true,"href":"https:\/\/archive.sana.sy\/tr\/index.php?rest_route=\/wp\/v2\/users\/1"}],"replies":[{"embeddable":true,"href":"https:\/\/archive.sana.sy\/tr\/index.php?rest_route=%2Fwp%2Fv2%2Fcomments&post=152758"}],"version-history":[{"count":0,"href":"https:\/\/archive.sana.sy\/tr\/index.php?rest_route=\/wp\/v2\/posts\/152758\/revisions"}],"wp:featuredmedia":[{"embeddable":true,"href":"https:\/\/archive.sana.sy\/tr\/index.php?rest_route=\/wp\/v2\/media\/152759"}],"wp:attachment":[{"href":"https:\/\/archive.sana.sy\/tr\/index.php?rest_route=%2Fwp%2Fv2%2Fmedia&parent=152758"}],"wp:term":[{"taxonomy":"category","embeddable":true,"href":"https:\/\/archive.sana.sy\/tr\/index.php?rest_route=%2Fwp%2Fv2%2Fcategories&post=152758"},{"taxonomy":"post_tag","embeddable":true,"href":"https:\/\/archive.sana.sy\/tr\/index.php?rest_route=%2Fwp%2Fv2%2Ftags&post=152758"}],"curies":[{"name":"wp","href":"https:\/\/api.w.org\/{rel}","templated":true}]}}