{"id":152762,"date":"2018-06-27T18:26:42","date_gmt":"2018-06-27T15:26:42","guid":{"rendered":"https:\/\/www.sana.sy\/tr\/?p=152762"},"modified":"2018-06-29T13:02:25","modified_gmt":"2018-06-29T10:02:25","slug":"onlarca-aile-evlerine-dondu-3","status":"publish","type":"post","link":"https:\/\/archive.sana.sy\/tr\/?p=152762","title":{"rendered":"Onlarca Aile Evlerine D\u00f6nd\u00fc (video)"},"content":{"rendered":"<p>S\u00dcVEYDA \u2013 Ordu birliklerimizin S\u00fcveyda k\u0131rsal\u0131n\u0131n kuzeybat\u0131s\u0131nda ter\u00f6ristleri a\u011f\u0131r kay\u0131plara u\u011frat\u0131p Bostan Beldesini kurtarmalar\u0131 ard\u0131ndan daha \u00f6nce k\u00f6yde ter\u00f6r sald\u0131r\u0131lar\u0131 nedeniyle tehcir edilen onlarca aile bug\u00fcn evlerine d\u00f6nd\u00fc.<\/p>\n<p>SANA\u2019n\u0131n sava\u015f muhabiri ordunun beldeyi ABD ve \u0130srail destekli I\u015e\u0130D ve Nusra Cephesinden kurtarmalar\u0131 ard\u0131ndan onlarca ailenin bug\u00fcn yeniden evlerine d\u00f6nd\u00fcklerini aktard\u0131.<\/p>\n<p>Muhabir ilgili devlet kurumlar\u0131n\u0131n sivil toplum faaliyetleri ve K\u0131z\u0131lay \u00d6rg\u00fct\u00fc ile i\u015fbirli\u011fi i\u00e7inde d\u00f6nen ailelere gereken t\u00fcm yard\u0131m ve kolayl\u0131klar\u0131 temin ettiklerini belirtti.<\/p>\n<p>Evlerine d\u00f6nen aileler ordu birliklerimizin beldelerini ter\u00f6rden kurtarmalar\u0131yla mutluluklar\u0131n\u0131 ifade ederlerken, ter\u00f6r \u00f6rg\u00fctleri ve onlar\u0131 destekleyen d\u0131\u015f g\u00fc\u00e7leri keskin bir dille k\u0131nad\u0131.<\/p>\n<div id='gallery-1' class='gallery galleryid-152762 gallery-columns-2 gallery-size-medium'><figure class='gallery-item'>\n\t\t\t<div class='gallery-icon landscape'>\n\t\t\t\t<a href='https:\/\/archive.sana.sy\/tr\/wp-content\/uploads\/2018\/06\/1-221.jpg'><img loading=\"lazy\" decoding=\"async\" width=\"300\" height=\"153\" src=\"https:\/\/archive.sana.sy\/tr\/wp-content\/uploads\/2018\/06\/1-221-300x153.jpg\" class=\"attachment-medium size-medium\" alt=\"\" srcset=\"https:\/\/archive.sana.sy\/tr\/wp-content\/uploads\/2018\/06\/1-221-300x153.jpg 300w, https:\/\/archive.sana.sy\/tr\/wp-content\/uploads\/2018\/06\/1-221-150x76.jpg 150w, https:\/\/archive.sana.sy\/tr\/wp-content\/uploads\/2018\/06\/1-221-768x391.jpg 768w, https:\/\/archive.sana.sy\/tr\/wp-content\/uploads\/2018\/06\/1-221-1024x521.jpg 1024w, https:\/\/archive.sana.sy\/tr\/wp-content\/uploads\/2018\/06\/1-221.jpg 1200w\" sizes=\"auto, (max-width: 300px) 100vw, 300px\" \/><\/a>\n\t\t\t<\/div><\/figure><figure class='gallery-item'>\n\t\t\t<div class='gallery-icon landscape'>\n\t\t\t\t<a href='https:\/\/archive.sana.sy\/tr\/wp-content\/uploads\/2018\/06\/2-87.jpg'><img loading=\"lazy\" decoding=\"async\" width=\"300\" height=\"180\" src=\"https:\/\/archive.sana.sy\/tr\/wp-content\/uploads\/2018\/06\/2-87-300x180.jpg\" class=\"attachment-medium size-medium\" alt=\"\" srcset=\"https:\/\/archive.sana.sy\/tr\/wp-content\/uploads\/2018\/06\/2-87-300x180.jpg 300w, https:\/\/archive.sana.sy\/tr\/wp-content\/uploads\/2018\/06\/2-87-150x90.jpg 150w, https:\/\/archive.sana.sy\/tr\/wp-content\/uploads\/2018\/06\/2-87-768x461.jpg 768w, https:\/\/archive.sana.sy\/tr\/wp-content\/uploads\/2018\/06\/2-87-1024x614.jpg 1024w, https:\/\/archive.sana.sy\/tr\/wp-content\/uploads\/2018\/06\/2-87.jpg 1200w\" sizes=\"auto, (max-width: 300px) 100vw, 300px\" \/><\/a>\n\t\t\t<\/div><\/figure><figure class='gallery-item'>\n\t\t\t<div class='gallery-icon landscape'>\n\t\t\t\t<a href='https:\/\/archive.sana.sy\/tr\/wp-content\/uploads\/2018\/06\/3-72.jpg'><img loading=\"lazy\" decoding=\"async\" width=\"300\" height=\"180\" src=\"https:\/\/archive.sana.sy\/tr\/wp-content\/uploads\/2018\/06\/3-72-300x180.jpg\" class=\"attachment-medium size-medium\" alt=\"\" srcset=\"https:\/\/archive.sana.sy\/tr\/wp-content\/uploads\/2018\/06\/3-72-300x180.jpg 300w, https:\/\/archive.sana.sy\/tr\/wp-content\/uploads\/2018\/06\/3-72-150x90.jpg 150w, https:\/\/archive.sana.sy\/tr\/wp-content\/uploads\/2018\/06\/3-72-768x461.jpg 768w, https:\/\/archive.sana.sy\/tr\/wp-content\/uploads\/2018\/06\/3-72-1024x614.jpg 1024w, https:\/\/archive.sana.sy\/tr\/wp-content\/uploads\/2018\/06\/3-72.jpg 1200w\" sizes=\"auto, (max-width: 300px) 100vw, 300px\" \/><\/a>\n\t\t\t<\/div><\/figure><figure class='gallery-item'>\n\t\t\t<div class='gallery-icon landscape'>\n\t\t\t\t<a href='https:\/\/archive.sana.sy\/tr\/wp-content\/uploads\/2018\/06\/4-46.jpg'><img loading=\"lazy\" decoding=\"async\" width=\"300\" height=\"192\" src=\"https:\/\/archive.sana.sy\/tr\/wp-content\/uploads\/2018\/06\/4-46-300x192.jpg\" class=\"attachment-medium size-medium\" alt=\"\" srcset=\"https:\/\/archive.sana.sy\/tr\/wp-content\/uploads\/2018\/06\/4-46-300x192.jpg 300w, https:\/\/archive.sana.sy\/tr\/wp-content\/uploads\/2018\/06\/4-46-150x96.jpg 150w, https:\/\/archive.sana.sy\/tr\/wp-content\/uploads\/2018\/06\/4-46-768x491.jpg 768w, https:\/\/archive.sana.sy\/tr\/wp-content\/uploads\/2018\/06\/4-46-1024x655.jpg 1024w, https:\/\/archive.sana.sy\/tr\/wp-content\/uploads\/2018\/06\/4-46.jpg 1200w\" sizes=\"auto, (max-width: 300px) 100vw, 300px\" \/><\/a>\n\t\t\t<\/div><\/figure>\n\t\t<\/div>\n\n<p>https:\/\/www.youtube.com\/watch?v=8j5mnngTA9M<\/p>\n","protected":false},"excerpt":{"rendered":"<p>S\u00dcVEYDA \u2013 Ordu birliklerimizin S\u00fcveyda k\u0131rsal\u0131n\u0131n kuzeybat\u0131s\u0131nda ter\u00f6ristleri a\u011f\u0131r kay\u0131plara u\u011frat\u0131p Bostan Beldesini kurtarmalar\u0131 ard\u0131ndan daha \u00f6nce k\u00f6yde ter\u00f6r sald\u0131r\u0131lar\u0131 nedeniyle tehcir edilen onlarca aile bug\u00fcn evlerine d\u00f6nd\u00fc. SANA\u2019n\u0131n sava\u015f muhabiri ordunun beldeyi ABD ve \u0130srail destekli I\u015e\u0130D ve Nusra Cephesinden kurtarmalar\u0131 ard\u0131ndan onlarca ailenin bug\u00fcn yeniden evlerine d\u00f6nd\u00fcklerini aktard\u0131. Muhabir ilgili devlet kurumlar\u0131n\u0131n sivil &hellip;<\/p>\n","protected":false},"author":1,"featured_media":152767,"comment_status":"closed","ping_status":"closed","sticky":false,"template":"","format":"standard","meta":{"footnotes":""},"categories":[596,479,575,17988,478],"tags":[36627,18710,36628,2695,36626,33091],"class_list":["post-152762","post","type-post","status-publish","format-standard","has-post-thumbnail","","category-fotografli-raporlar","category-haberler-yerel","category-olaylar-ve-gercekler","category-son-haberler","category-yerel","tag-bostan-beldesi","tag-evlerine-dondu","tag-onlarca-aile","tag-ordu-birliklerimiz","tag-suveyda-kirsalinin-kuzeybatisinda","tag-teroristleri"],"_links":{"self":[{"href":"https:\/\/archive.sana.sy\/tr\/index.php?rest_route=\/wp\/v2\/posts\/152762","targetHints":{"allow":["GET"]}}],"collection":[{"href":"https:\/\/archive.sana.sy\/tr\/index.php?rest_route=\/wp\/v2\/posts"}],"about":[{"href":"https:\/\/archive.sana.sy\/tr\/index.php?rest_route=\/wp\/v2\/types\/post"}],"author":[{"embeddable":true,"href":"https:\/\/archive.sana.sy\/tr\/index.php?rest_route=\/wp\/v2\/users\/1"}],"replies":[{"embeddable":true,"href":"https:\/\/archive.sana.sy\/tr\/index.php?rest_route=%2Fwp%2Fv2%2Fcomments&post=152762"}],"version-history":[{"count":0,"href":"https:\/\/archive.sana.sy\/tr\/index.php?rest_route=\/wp\/v2\/posts\/152762\/revisions"}],"wp:featuredmedia":[{"embeddable":true,"href":"https:\/\/archive.sana.sy\/tr\/index.php?rest_route=\/wp\/v2\/media\/152767"}],"wp:attachment":[{"href":"https:\/\/archive.sana.sy\/tr\/index.php?rest_route=%2Fwp%2Fv2%2Fmedia&parent=152762"}],"wp:term":[{"taxonomy":"category","embeddable":true,"href":"https:\/\/archive.sana.sy\/tr\/index.php?rest_route=%2Fwp%2Fv2%2Fcategories&post=152762"},{"taxonomy":"post_tag","embeddable":true,"href":"https:\/\/archive.sana.sy\/tr\/index.php?rest_route=%2Fwp%2Fv2%2Ftags&post=152762"}],"curies":[{"name":"wp","href":"https:\/\/api.w.org\/{rel}","templated":true}]}}