{"id":15279,"date":"2014-11-11T12:56:07","date_gmt":"2014-11-11T10:56:07","guid":{"rendered":"http:\/\/www.sana.sy\/tr\/?p=15279"},"modified":"2014-11-11T12:56:07","modified_gmt":"2014-11-11T10:56:07","slug":"bilimsel-ve-saglik-alanlarinda-genc-kadrolarin-ulusal-faaliyetleri-basladi","status":"publish","type":"post","link":"https:\/\/archive.sana.sy\/tr\/?p=15279","title":{"rendered":"Bilimsel ve Sa\u011fl\u0131k Alanlar\u0131nda Gen\u00e7 Kadrolar\u0131n Ulusal Faaliyetleri Ba\u015flad\u0131"},"content":{"rendered":"<p>Bilimsel ve Sa\u011fl\u0131k Alanlar\u0131nda Gen\u00e7 Kadrolar\u0131n Ulusal Faaliyetleri Ba\u015flad\u0131<\/p>\n","protected":false},"excerpt":{"rendered":"<p>Bilimsel ve Sa\u011fl\u0131k Alanlar\u0131nda Gen\u00e7 Kadrolar\u0131n Ulusal Faaliyetleri Ba\u015flad\u0131<\/p>\n","protected":false},"author":1,"featured_media":15276,"comment_status":"closed","ping_status":"closed","sticky":false,"template":"","format":"standard","meta":{"footnotes":""},"categories":[573],"tags":[5560],"class_list":["post-15279","post","type-post","status-publish","format-standard","has-post-thumbnail","","category-goruntulu-olaylar","tag-bilimsel-ve-saglik-alanlarinda-genc-kadrolarin-ulusal-faaliyetleri-basladi"],"_links":{"self":[{"href":"https:\/\/archive.sana.sy\/tr\/index.php?rest_route=\/wp\/v2\/posts\/15279","targetHints":{"allow":["GET"]}}],"collection":[{"href":"https:\/\/archive.sana.sy\/tr\/index.php?rest_route=\/wp\/v2\/posts"}],"about":[{"href":"https:\/\/archive.sana.sy\/tr\/index.php?rest_route=\/wp\/v2\/types\/post"}],"author":[{"embeddable":true,"href":"https:\/\/archive.sana.sy\/tr\/index.php?rest_route=\/wp\/v2\/users\/1"}],"replies":[{"embeddable":true,"href":"https:\/\/archive.sana.sy\/tr\/index.php?rest_route=%2Fwp%2Fv2%2Fcomments&post=15279"}],"version-history":[{"count":0,"href":"https:\/\/archive.sana.sy\/tr\/index.php?rest_route=\/wp\/v2\/posts\/15279\/revisions"}],"wp:featuredmedia":[{"embeddable":true,"href":"https:\/\/archive.sana.sy\/tr\/index.php?rest_route=\/wp\/v2\/media\/15276"}],"wp:attachment":[{"href":"https:\/\/archive.sana.sy\/tr\/index.php?rest_route=%2Fwp%2Fv2%2Fmedia&parent=15279"}],"wp:term":[{"taxonomy":"category","embeddable":true,"href":"https:\/\/archive.sana.sy\/tr\/index.php?rest_route=%2Fwp%2Fv2%2Fcategories&post=15279"},{"taxonomy":"post_tag","embeddable":true,"href":"https:\/\/archive.sana.sy\/tr\/index.php?rest_route=%2Fwp%2Fv2%2Ftags&post=15279"}],"curies":[{"name":"wp","href":"https:\/\/api.w.org\/{rel}","templated":true}]}}