{"id":152838,"date":"2018-06-28T12:52:58","date_gmt":"2018-06-28T09:52:58","guid":{"rendered":"https:\/\/www.sana.sy\/tr\/?p=152838"},"modified":"2018-06-29T12:41:24","modified_gmt":"2018-06-29T09:41:24","slug":"dera-kirsalinda-halk-ordunun-beldelerine-girmelerini-talep-etti","status":"publish","type":"post","link":"https:\/\/archive.sana.sy\/tr\/?p=152838","title":{"rendered":"Dera K\u0131rsal\u0131nda Halk Ordunun Beldelerine Girmelerini Talep Etti"},"content":{"rendered":"<p>DERA \u2013 Dera k\u0131rsal\u0131n\u0131n kuzeydo\u011fusu Ibta, Bat\u0131 Gariye ve Do\u011fu Gariye beldelerinde vatanda\u015flar sokaklara inerek ordunun beldelerine girmesini ve kendilerini ter\u00f6rden kurtarmas\u0131n\u0131 talep ettiler.<\/p>\n<p><a href=\"https:\/\/www.sana.sy\/tr\/wp-content\/uploads\/2018\/06\/2-91.jpg\"><img loading=\"lazy\" decoding=\"async\" class=\"alignright wp-image-152846 size-medium\" src=\"https:\/\/www.sana.sy\/tr\/wp-content\/uploads\/2018\/06\/2-91-300x267.jpg\" alt=\"\" width=\"300\" height=\"267\" srcset=\"https:\/\/archive.sana.sy\/tr\/wp-content\/uploads\/2018\/06\/2-91-300x267.jpg 300w, https:\/\/archive.sana.sy\/tr\/wp-content\/uploads\/2018\/06\/2-91-150x133.jpg 150w, https:\/\/archive.sana.sy\/tr\/wp-content\/uploads\/2018\/06\/2-91.jpg 660w\" sizes=\"auto, (max-width: 300px) 100vw, 300px\" \/><\/a>Vatanda\u015flar g\u00f6sterilerinde ter\u00f6r \u00f6rg\u00fctleri ve onlar\u0131 destekleyen d\u0131\u015f g\u00fc\u00e7leri keskin ifadelerle k\u0131narken, ordunun Dera ve k\u0131rsal\u0131n\u0131n tamam\u0131n\u0131 ter\u00f6rden kurtarmas\u0131n\u0131 talep ettiler.<\/p>\n<p>Vatanda\u015flar belli ba\u015fl\u0131 devletlere hizmet eden ter\u00f6ristlerin y\u0131llard\u0131r vatanda\u015flara kar\u015f\u0131 gasp, \u00f6ld\u00fcrme, ya\u011fmalama ve y\u0131kma eylemlerinde bulunduklar\u0131na dikkat \u00e7ekti.<\/p>\n<p>Vatanda\u015flar\u0131n g\u00f6sterileri s\u0131ras\u0131nda radikal ter\u00f6ristler g\u00f6stericilere kar\u015f\u0131 ate\u015f a\u00e7arak da\u011f\u0131tmaya \u00e7al\u0131\u015fsalar da vatanda\u015flar ellerinde Suriye bayra\u011f\u0131 ile g\u00f6sterilerine devam etti.<\/p>\n","protected":false},"excerpt":{"rendered":"<p>DERA \u2013 Dera k\u0131rsal\u0131n\u0131n kuzeydo\u011fusu Ibta, Bat\u0131 Gariye ve Do\u011fu Gariye beldelerinde vatanda\u015flar sokaklara inerek ordunun beldelerine girmesini ve kendilerini ter\u00f6rden kurtarmas\u0131n\u0131 talep ettiler. Vatanda\u015flar g\u00f6sterilerinde ter\u00f6r \u00f6rg\u00fctleri ve onlar\u0131 destekleyen d\u0131\u015f g\u00fc\u00e7leri keskin ifadelerle k\u0131narken, ordunun Dera ve k\u0131rsal\u0131n\u0131n tamam\u0131n\u0131 ter\u00f6rden kurtarmas\u0131n\u0131 talep ettiler. Vatanda\u015flar belli ba\u015fl\u0131 devletlere hizmet eden ter\u00f6ristlerin y\u0131llard\u0131r vatanda\u015flara kar\u015f\u0131 &hellip;<\/p>\n","protected":false},"author":1,"featured_media":152847,"comment_status":"closed","ping_status":"closed","sticky":false,"template":"","format":"standard","meta":{"footnotes":""},"categories":[479,17988,478],"tags":[1295,19210,18674,16591,11549,19034,22181],"class_list":["post-152838","post","type-post","status-publish","format-standard","has-post-thumbnail","","category-haberler-yerel","category-son-haberler","category-yerel","tag-dera","tag-dera-kirsali","tag-silahli-muhalifler","tag-suriye","tag-suriye-ordusu","tag-suriyeli-muhalifler","tag-suriyeliler"],"_links":{"self":[{"href":"https:\/\/archive.sana.sy\/tr\/index.php?rest_route=\/wp\/v2\/posts\/152838","targetHints":{"allow":["GET"]}}],"collection":[{"href":"https:\/\/archive.sana.sy\/tr\/index.php?rest_route=\/wp\/v2\/posts"}],"about":[{"href":"https:\/\/archive.sana.sy\/tr\/index.php?rest_route=\/wp\/v2\/types\/post"}],"author":[{"embeddable":true,"href":"https:\/\/archive.sana.sy\/tr\/index.php?rest_route=\/wp\/v2\/users\/1"}],"replies":[{"embeddable":true,"href":"https:\/\/archive.sana.sy\/tr\/index.php?rest_route=%2Fwp%2Fv2%2Fcomments&post=152838"}],"version-history":[{"count":0,"href":"https:\/\/archive.sana.sy\/tr\/index.php?rest_route=\/wp\/v2\/posts\/152838\/revisions"}],"wp:featuredmedia":[{"embeddable":true,"href":"https:\/\/archive.sana.sy\/tr\/index.php?rest_route=\/wp\/v2\/media\/152847"}],"wp:attachment":[{"href":"https:\/\/archive.sana.sy\/tr\/index.php?rest_route=%2Fwp%2Fv2%2Fmedia&parent=152838"}],"wp:term":[{"taxonomy":"category","embeddable":true,"href":"https:\/\/archive.sana.sy\/tr\/index.php?rest_route=%2Fwp%2Fv2%2Fcategories&post=152838"},{"taxonomy":"post_tag","embeddable":true,"href":"https:\/\/archive.sana.sy\/tr\/index.php?rest_route=%2Fwp%2Fv2%2Ftags&post=152838"}],"curies":[{"name":"wp","href":"https:\/\/api.w.org\/{rel}","templated":true}]}}