{"id":15284,"date":"2014-11-11T14:11:38","date_gmt":"2014-11-11T12:11:38","guid":{"rendered":"http:\/\/www.sana.sy\/tr\/?p=15284"},"modified":"2014-11-11T14:14:41","modified_gmt":"2014-11-11T12:14:41","slug":"akp-hukumeti-isid-teroristlerine-yardim-ediyor","status":"publish","type":"post","link":"https:\/\/archive.sana.sy\/tr\/?p=15284","title":{"rendered":"AKP H\u00fck\u00fcmeti I\u015e\u0130D Ter\u00f6ristlerine Yard\u0131m Ediyor"},"content":{"rendered":"<p>HALEP \u2013 Halep k\u0131rsal\u0131n\u0131n kuzeydo\u011fusunda Ayn Arap ahalisi bug\u00fcn I\u015e\u0130D tekfircileri ile \u015fiddetli \u00e7at\u0131\u015fmalar ard\u0131ndan kentin g\u00fcneyinde bir k\u0131s\u0131m bina bloklar\u0131 ve sokaklar\u0131 yeniden geri ald\u0131.<\/p>\n<p>Yerel kaynaklar d\u00fcn ak\u015fam saatlerinden sabah saatlerine dek s\u00fcren \u015fiddetli \u00e7at\u0131\u015fmalar s\u0131ras\u0131nda tekfirci I\u015e\u0130D \u00e7etelerinin kentte sivil yerle\u015fim alanlar\u0131na bir dizi roket sald\u0131r\u0131s\u0131nda bulunduklar\u0131n\u0131 aktard\u0131.<\/p>\n<p>Kaynaklar kentlerini azim ve kararl\u0131l\u0131kla s\u00fcrd\u00fcren ahalinin I\u015e\u0130D kar\u015f\u0131s\u0131nda yava\u015f ilerlemelerinin as\u0131l nedeninin I\u015e\u0130D \u00e7etelerinin \u00e7ekildikleri b\u00f6lgelerde \u00f6zel ve kamu binalara yo\u011fun bir \u015fekilde bubi tuzaklar\u0131 kurmalar\u0131ndan kaynakland\u0131\u011f\u0131n\u0131 ifade etti.<\/p>\n<p>Ayn Arap Kentinden kaynaklar ve ahali T\u00fcrkiye&#8217;deki AKP h\u00fck\u00fcmetinin kente sald\u0131ran I\u015e\u0130D ter\u00f6ristlerine yard\u0131m ve destek takdim etti\u011fini belirtti.<\/p>\n<p>\u00d6te yandan AFP\u2019nin aktard\u0131\u011f\u0131 habere g\u00f6re ABD ve m\u00fcttefiklerinin sava\u015f u\u00e7aklar\u0131 gece saatlerinde Ayn Arap Kentinin g\u00fcneydo\u011fusunda I\u015e\u0130D mevkilerine 3 sorti ger\u00e7ekle\u015ftirirlerken, sonu\u00e7lar hakk\u0131nda bilgi verilmedi.<\/p>\n","protected":false},"excerpt":{"rendered":"<p>HALEP \u2013 Halep k\u0131rsal\u0131n\u0131n kuzeydo\u011fusunda Ayn Arap ahalisi bug\u00fcn I\u015e\u0130D tekfircileri ile \u015fiddetli \u00e7at\u0131\u015fmalar ard\u0131ndan kentin g\u00fcneyinde bir k\u0131s\u0131m bina bloklar\u0131 ve sokaklar\u0131 yeniden geri ald\u0131. Yerel kaynaklar d\u00fcn ak\u015fam saatlerinden sabah saatlerine dek s\u00fcren \u015fiddetli \u00e7at\u0131\u015fmalar s\u0131ras\u0131nda tekfirci I\u015e\u0130D \u00e7etelerinin kentte sivil yerle\u015fim alanlar\u0131na bir dizi roket sald\u0131r\u0131s\u0131nda bulunduklar\u0131n\u0131 aktard\u0131. Kaynaklar kentlerini azim ve &hellip;<\/p>\n","protected":false},"author":1,"featured_media":15288,"comment_status":"closed","ping_status":"closed","sticky":false,"template":"","format":"standard","meta":{"footnotes":""},"categories":[575,447],"tags":[5562,5563],"class_list":["post-15284","post","type-post","status-publish","format-standard","has-post-thumbnail","","category-olaylar-ve-gercekler","category-politika","tag-akp-hukumeti-isid-teroristlerine-yardim-ediyor-halep-halep-kirsalinin-kuzeydogusunda-ayn-arap-ahalisi-bugun-isid-tekfircileri-ile-siddetli-catismalar-ardindan-kentin-guneyinde-bir-kisim-bina","tag-sonuclar-hakkinda-bilgi-verilmedi"],"_links":{"self":[{"href":"https:\/\/archive.sana.sy\/tr\/index.php?rest_route=\/wp\/v2\/posts\/15284","targetHints":{"allow":["GET"]}}],"collection":[{"href":"https:\/\/archive.sana.sy\/tr\/index.php?rest_route=\/wp\/v2\/posts"}],"about":[{"href":"https:\/\/archive.sana.sy\/tr\/index.php?rest_route=\/wp\/v2\/types\/post"}],"author":[{"embeddable":true,"href":"https:\/\/archive.sana.sy\/tr\/index.php?rest_route=\/wp\/v2\/users\/1"}],"replies":[{"embeddable":true,"href":"https:\/\/archive.sana.sy\/tr\/index.php?rest_route=%2Fwp%2Fv2%2Fcomments&post=15284"}],"version-history":[{"count":0,"href":"https:\/\/archive.sana.sy\/tr\/index.php?rest_route=\/wp\/v2\/posts\/15284\/revisions"}],"wp:featuredmedia":[{"embeddable":true,"href":"https:\/\/archive.sana.sy\/tr\/index.php?rest_route=\/wp\/v2\/media\/15288"}],"wp:attachment":[{"href":"https:\/\/archive.sana.sy\/tr\/index.php?rest_route=%2Fwp%2Fv2%2Fmedia&parent=15284"}],"wp:term":[{"taxonomy":"category","embeddable":true,"href":"https:\/\/archive.sana.sy\/tr\/index.php?rest_route=%2Fwp%2Fv2%2Fcategories&post=15284"},{"taxonomy":"post_tag","embeddable":true,"href":"https:\/\/archive.sana.sy\/tr\/index.php?rest_route=%2Fwp%2Fv2%2Ftags&post=15284"}],"curies":[{"name":"wp","href":"https:\/\/api.w.org\/{rel}","templated":true}]}}