{"id":152842,"date":"2018-06-28T12:37:11","date_gmt":"2018-06-28T09:37:11","guid":{"rendered":"https:\/\/www.sana.sy\/tr\/?p=152842"},"modified":"2018-06-29T12:41:57","modified_gmt":"2018-06-29T09:41:57","slug":"siviller-icin-insani-koridorlar-acildi","status":"publish","type":"post","link":"https:\/\/archive.sana.sy\/tr\/?p=152842","title":{"rendered":"Siviller \u0130\u00e7in \u0130nsani Koridorlar A\u00e7\u0131ld\u0131"},"content":{"rendered":"<p>DERA \u2013 Dera k\u0131rsal\u0131n\u0131n do\u011fusu ve bat\u0131s\u0131nda d\u0131\u015f g\u00fc\u00e7lere tabi ter\u00f6ristlerin bulunduklar\u0131 b\u00f6lgelerden \u00e7\u0131kmak isteyen sivillerin g\u00fcvenli bir \u015fekilde \u00e7\u0131k\u0131\u015flar\u0131n\u0131 temin etme ve t\u00fcm gereksinimlerini temin etme amac\u0131yla d\u00fcn 3 insani koridor a\u00e7\u0131ld\u0131.<\/p>\n<p>G\u00fcvenlik kaynaklar\u0131 insani koridorlar\u0131n vatanda\u015flara gerekli insani yard\u0131mlar\u0131n yan\u0131 s\u0131ra sa\u011fl\u0131k hizmetleri temin edecek ara\u00e7 ve ekipmanlarla donat\u0131ld\u0131klar\u0131n\u0131n alt\u0131n\u0131 \u00e7izdi.<\/p>\n<p>Bu b\u00f6lgelerden \u00e7\u0131kacak vatanda\u015flar i\u00e7in Dera k\u0131rsal\u0131nda iki ge\u00e7ici ikamet merkezinin haz\u0131rlan\u0131p insani yard\u0131mlarla donat\u0131ld\u0131\u011f\u0131n\u0131 vurgulayan kaynak; \u00e7\u0131kan sivillere bu iki merkezlerden biri ya da Suriye&#8217;de istedikleri her yere gitme se\u00e7ene\u011fi verildi\u011fine dikkat \u00e7ekti.<\/p>\n","protected":false},"excerpt":{"rendered":"<p>DERA \u2013 Dera k\u0131rsal\u0131n\u0131n do\u011fusu ve bat\u0131s\u0131nda d\u0131\u015f g\u00fc\u00e7lere tabi ter\u00f6ristlerin bulunduklar\u0131 b\u00f6lgelerden \u00e7\u0131kmak isteyen sivillerin g\u00fcvenli bir \u015fekilde \u00e7\u0131k\u0131\u015flar\u0131n\u0131 temin etme ve t\u00fcm gereksinimlerini temin etme amac\u0131yla d\u00fcn 3 insani koridor a\u00e7\u0131ld\u0131. G\u00fcvenlik kaynaklar\u0131 insani koridorlar\u0131n vatanda\u015flara gerekli insani yard\u0131mlar\u0131n yan\u0131 s\u0131ra sa\u011fl\u0131k hizmetleri temin edecek ara\u00e7 ve ekipmanlarla donat\u0131ld\u0131klar\u0131n\u0131n alt\u0131n\u0131 \u00e7izdi. Bu b\u00f6lgelerden &hellip;<\/p>\n","protected":false},"author":1,"featured_media":152843,"comment_status":"closed","ping_status":"closed","sticky":false,"template":"","format":"standard","meta":{"footnotes":""},"categories":[479,17988,478],"tags":[30790,1295,27531,16591,19034,22181],"class_list":["post-152842","post","type-post","status-publish","format-standard","has-post-thumbnail","","category-haberler-yerel","category-son-haberler","category-yerel","tag-dara","tag-dera","tag-insani-koridor","tag-suriye","tag-suriyeli-muhalifler","tag-suriyeliler"],"_links":{"self":[{"href":"https:\/\/archive.sana.sy\/tr\/index.php?rest_route=\/wp\/v2\/posts\/152842","targetHints":{"allow":["GET"]}}],"collection":[{"href":"https:\/\/archive.sana.sy\/tr\/index.php?rest_route=\/wp\/v2\/posts"}],"about":[{"href":"https:\/\/archive.sana.sy\/tr\/index.php?rest_route=\/wp\/v2\/types\/post"}],"author":[{"embeddable":true,"href":"https:\/\/archive.sana.sy\/tr\/index.php?rest_route=\/wp\/v2\/users\/1"}],"replies":[{"embeddable":true,"href":"https:\/\/archive.sana.sy\/tr\/index.php?rest_route=%2Fwp%2Fv2%2Fcomments&post=152842"}],"version-history":[{"count":0,"href":"https:\/\/archive.sana.sy\/tr\/index.php?rest_route=\/wp\/v2\/posts\/152842\/revisions"}],"wp:featuredmedia":[{"embeddable":true,"href":"https:\/\/archive.sana.sy\/tr\/index.php?rest_route=\/wp\/v2\/media\/152843"}],"wp:attachment":[{"href":"https:\/\/archive.sana.sy\/tr\/index.php?rest_route=%2Fwp%2Fv2%2Fmedia&parent=152842"}],"wp:term":[{"taxonomy":"category","embeddable":true,"href":"https:\/\/archive.sana.sy\/tr\/index.php?rest_route=%2Fwp%2Fv2%2Fcategories&post=152842"},{"taxonomy":"post_tag","embeddable":true,"href":"https:\/\/archive.sana.sy\/tr\/index.php?rest_route=%2Fwp%2Fv2%2Ftags&post=152842"}],"curies":[{"name":"wp","href":"https:\/\/api.w.org\/{rel}","templated":true}]}}