{"id":152852,"date":"2018-06-28T15:22:56","date_gmt":"2018-06-28T12:22:56","guid":{"rendered":"https:\/\/www.sana.sy\/tr\/?p=152852"},"modified":"2018-06-29T14:37:46","modified_gmt":"2018-06-29T11:37:46","slug":"saldirgan-teroristler-etkisizlestirildi","status":"publish","type":"post","link":"https:\/\/archive.sana.sy\/tr\/?p=152852","title":{"rendered":"Dera&#8217;da Kontrol\u00fc Alt\u0131ndaki Alanlar\u0131 Geni\u015fleten Ordu Deyrezzor ve Kunaytra&#8217;da Sald\u0131r\u0131lar\u0131 \u00c7\u00f6kertti"},"content":{"rendered":"<p>\u0130LLER \u2013 Ordu birliklerimiz Deyrezzor ve Kunaytra k\u0131rsallar\u0131nda belli ba\u015fl\u0131 devletlerin destek ve komutas\u0131nda hareket eden ter\u00f6ristlerin sald\u0131r\u0131lar\u0131n\u0131 \u00e7\u00f6kerterek onlar\u0131 a\u011f\u0131r kay\u0131plara u\u011fratt\u0131.<\/p>\n<p><span style=\"color: #0000ff\">DEYREZZOR:<\/span><\/p>\n<p>Askeri bir kaynak SANA\u2019ya a\u00e7\u0131klamalar\u0131nda ordu birliklerimizin Deyrezzor k\u0131rsal\u0131n\u0131n Irak s\u0131n\u0131rlar\u0131 yak\u0131nlar\u0131na d\u00fc\u015fen 400 Noktas\u0131 civar\u0131na s\u0131zmaya \u00e7al\u0131\u015fan bir ter\u00f6r grubuna ba\u015far\u0131yla kar\u015f\u0131 koyduklar\u0131n\u0131 belirtti.<\/p>\n<p>Kaynak ABD destekli I\u015e\u0130D\u2019li ter\u00f6ristlerle ya\u015fanan \u015fiddetli \u00e7at\u0131\u015fmada ter\u00f6ristlere ait a\u011f\u0131r makineli silahla donat\u0131lm\u0131\u015f 4X4 \u00e7eker bir arac\u0131n imha edildi\u011fini, insans\u0131z bir hava arac\u0131n\u0131n yan\u0131 s\u0131ra farkl\u0131 t\u00fcrlerde silah ve m\u00fchimmata el konuldu\u011funu a\u00e7\u0131klad\u0131.<\/p>\n<p><span style=\"color: #0000ff\">KUNAYTRA:<\/span><\/p>\n<p>Ordu birliklerimiz Kunaytra k\u0131rsal\u0131n\u0131n do\u011fusunda \u0130srail\u2019e tabilikleriyle bilinen ter\u00f6ristlerin askeri mevkilere sald\u0131r\u0131lar\u0131n\u0131 \u00e7\u00f6kerterek sald\u0131rganlar\u0131n \u00e7o\u011funu \u00f6l\u00fc yaral\u0131 d\u00fc\u015f\u00fcrd\u00fc.<\/p>\n<p>Askeri kaynak Ceba \u2013 Um Batina eksenine s\u0131zan ter\u00f6ristlerin Ceba Beldesinde askeri mevkilere sald\u0131rmalar\u0131yla \u015fiddetli \u00e7at\u0131\u015fmalar\u0131n ya\u015fand\u0131\u011f\u0131n\u0131 belirtti.<\/p>\n<p>Kaynak sald\u0131rgan ter\u00f6ristlerin b\u00fcy\u00fck \u00e7o\u011funlu\u011funun \u00f6l\u00fc yaral\u0131 d\u00fc\u015f\u00fcr\u00fclmeleri ard\u0131ndan sa\u011f kalanlar\u0131n arkalar\u0131nda muhtelif t\u00fcr silahlar ve \u00e7ok say\u0131da ceset b\u0131rak\u0131p ka\u00e7t\u0131klar\u0131n\u0131 aktard\u0131.<\/p>\n<p><span style=\"color: #0000ff\">DERA:<\/span><\/p>\n<p>SANA muhabiri ordu birliklerimizin Dera k\u0131rsal\u0131n\u0131n do\u011fusunda ter\u00f6ristleri be\u015feri ve askeri b\u00fcy\u00fck kay\u0131plara u\u011fratmalar\u0131 ard\u0131ndan stratejik bir \u00f6neme sahip Tel S\u00fckker Tepesini kurtar\u0131p kontrollerine ge\u00e7irdiklerini belirtti.<\/p>\n<p>Muhabir tepenin kontrole al\u0131nmas\u0131yla b\u00f6lgede ter\u00f6ristler aras\u0131ndaki destek ve ikmal hatlar\u0131n\u0131n kesilmi\u015f oldu\u011funa dikkat \u00e7ekti.<\/p>\n","protected":false},"excerpt":{"rendered":"<p>\u0130LLER \u2013 Ordu birliklerimiz Deyrezzor ve Kunaytra k\u0131rsallar\u0131nda belli ba\u015fl\u0131 devletlerin destek ve komutas\u0131nda hareket eden ter\u00f6ristlerin sald\u0131r\u0131lar\u0131n\u0131 \u00e7\u00f6kerterek onlar\u0131 a\u011f\u0131r kay\u0131plara u\u011fratt\u0131. DEYREZZOR: Askeri bir kaynak SANA\u2019ya a\u00e7\u0131klamalar\u0131nda ordu birliklerimizin Deyrezzor k\u0131rsal\u0131n\u0131n Irak s\u0131n\u0131rlar\u0131 yak\u0131nlar\u0131na d\u00fc\u015fen 400 Noktas\u0131 civar\u0131na s\u0131zmaya \u00e7al\u0131\u015fan bir ter\u00f6r grubuna ba\u015far\u0131yla kar\u015f\u0131 koyduklar\u0131n\u0131 belirtti. Kaynak ABD destekli I\u015e\u0130D\u2019li ter\u00f6ristlerle ya\u015fanan &hellip;<\/p>\n","protected":false},"author":1,"featured_media":152864,"comment_status":"closed","ping_status":"closed","sticky":false,"template":"","format":"standard","meta":{"footnotes":""},"categories":[479,575,17988,478],"tags":[5614,3564,18674,16591,11549,19034],"class_list":["post-152852","post","type-post","status-publish","format-standard","has-post-thumbnail","","category-haberler-yerel","category-olaylar-ve-gercekler","category-son-haberler","category-yerel","tag-israil","tag-kunaytra","tag-silahli-muhalifler","tag-suriye","tag-suriye-ordusu","tag-suriyeli-muhalifler"],"_links":{"self":[{"href":"https:\/\/archive.sana.sy\/tr\/index.php?rest_route=\/wp\/v2\/posts\/152852","targetHints":{"allow":["GET"]}}],"collection":[{"href":"https:\/\/archive.sana.sy\/tr\/index.php?rest_route=\/wp\/v2\/posts"}],"about":[{"href":"https:\/\/archive.sana.sy\/tr\/index.php?rest_route=\/wp\/v2\/types\/post"}],"author":[{"embeddable":true,"href":"https:\/\/archive.sana.sy\/tr\/index.php?rest_route=\/wp\/v2\/users\/1"}],"replies":[{"embeddable":true,"href":"https:\/\/archive.sana.sy\/tr\/index.php?rest_route=%2Fwp%2Fv2%2Fcomments&post=152852"}],"version-history":[{"count":0,"href":"https:\/\/archive.sana.sy\/tr\/index.php?rest_route=\/wp\/v2\/posts\/152852\/revisions"}],"wp:featuredmedia":[{"embeddable":true,"href":"https:\/\/archive.sana.sy\/tr\/index.php?rest_route=\/wp\/v2\/media\/152864"}],"wp:attachment":[{"href":"https:\/\/archive.sana.sy\/tr\/index.php?rest_route=%2Fwp%2Fv2%2Fmedia&parent=152852"}],"wp:term":[{"taxonomy":"category","embeddable":true,"href":"https:\/\/archive.sana.sy\/tr\/index.php?rest_route=%2Fwp%2Fv2%2Fcategories&post=152852"},{"taxonomy":"post_tag","embeddable":true,"href":"https:\/\/archive.sana.sy\/tr\/index.php?rest_route=%2Fwp%2Fv2%2Ftags&post=152852"}],"curies":[{"name":"wp","href":"https:\/\/api.w.org\/{rel}","templated":true}]}}