{"id":152874,"date":"2018-06-28T14:52:10","date_gmt":"2018-06-28T11:52:10","guid":{"rendered":"https:\/\/www.sana.sy\/tr\/?p=152874"},"modified":"2018-06-28T14:49:59","modified_gmt":"2018-06-28T11:49:59","slug":"askeri-kaynak-isidli-teroristlerle-yasanan-siddetli-catismada-teroristlere-ait-agir-makineli-silahla-donatilmis-4x4-ceker-bir-aracin-imha-edildigini-insansiz-bir-hava-aracinin-yani-sira-fark","status":"publish","type":"post","link":"https:\/\/archive.sana.sy\/tr\/?p=152874","title":{"rendered":"Askeri kaynak I\u015e\u0130D\u2019li ter\u00f6ristlerle ya\u015fanan \u015fiddetli \u00e7at\u0131\u015fmada ter\u00f6ristlere ait a\u011f\u0131r makineli silahla donat\u0131lm\u0131\u015f 4X4 \u00e7eker bir arac\u0131n imha edildi\u011fini, insans\u0131z bir hava arac\u0131n\u0131n yan\u0131 s\u0131ra farkl\u0131 t\u00fcrlerde silah ve m\u00fchimmata el konuldu\u011funu a\u00e7\u0131klad\u0131."},"content":{"rendered":"<p>Askeri kaynak I\u015e\u0130D\u2019li ter\u00f6ristlerle ya\u015fanan \u015fiddetli \u00e7at\u0131\u015fmada ter\u00f6ristlere ait a\u011f\u0131r makineli silahla donat\u0131lm\u0131\u015f 4X4 \u00e7eker bir arac\u0131n imha edildi\u011fini, insans\u0131z bir hava arac\u0131n\u0131n yan\u0131 s\u0131ra farkl\u0131 t\u00fcrlerde silah ve m\u00fchimmata el konuldu\u011funu a\u00e7\u0131klad\u0131.<\/p>\n","protected":false},"excerpt":{"rendered":"<p>Askeri kaynak I\u015e\u0130D\u2019li ter\u00f6ristlerle ya\u015fanan \u015fiddetli \u00e7at\u0131\u015fmada ter\u00f6ristlere ait a\u011f\u0131r makineli silahla donat\u0131lm\u0131\u015f 4X4 \u00e7eker bir arac\u0131n imha edildi\u011fini, insans\u0131z bir hava arac\u0131n\u0131n yan\u0131 s\u0131ra farkl\u0131 t\u00fcrlerde silah ve m\u00fchimmata el konuldu\u011funu a\u00e7\u0131klad\u0131.<\/p>\n","protected":false},"author":1,"featured_media":0,"comment_status":"closed","ping_status":"closed","sticky":false,"template":"","format":"standard","meta":{"footnotes":""},"categories":[17991],"tags":[],"class_list":["post-152874","post","type-post","status-publish","format-standard","","category-son-dakika"],"_links":{"self":[{"href":"https:\/\/archive.sana.sy\/tr\/index.php?rest_route=\/wp\/v2\/posts\/152874","targetHints":{"allow":["GET"]}}],"collection":[{"href":"https:\/\/archive.sana.sy\/tr\/index.php?rest_route=\/wp\/v2\/posts"}],"about":[{"href":"https:\/\/archive.sana.sy\/tr\/index.php?rest_route=\/wp\/v2\/types\/post"}],"author":[{"embeddable":true,"href":"https:\/\/archive.sana.sy\/tr\/index.php?rest_route=\/wp\/v2\/users\/1"}],"replies":[{"embeddable":true,"href":"https:\/\/archive.sana.sy\/tr\/index.php?rest_route=%2Fwp%2Fv2%2Fcomments&post=152874"}],"version-history":[{"count":0,"href":"https:\/\/archive.sana.sy\/tr\/index.php?rest_route=\/wp\/v2\/posts\/152874\/revisions"}],"wp:attachment":[{"href":"https:\/\/archive.sana.sy\/tr\/index.php?rest_route=%2Fwp%2Fv2%2Fmedia&parent=152874"}],"wp:term":[{"taxonomy":"category","embeddable":true,"href":"https:\/\/archive.sana.sy\/tr\/index.php?rest_route=%2Fwp%2Fv2%2Fcategories&post=152874"},{"taxonomy":"post_tag","embeddable":true,"href":"https:\/\/archive.sana.sy\/tr\/index.php?rest_route=%2Fwp%2Fv2%2Ftags&post=152874"}],"curies":[{"name":"wp","href":"https:\/\/api.w.org\/{rel}","templated":true}]}}