{"id":152996,"date":"2018-06-30T06:00:52","date_gmt":"2018-06-30T03:00:52","guid":{"rendered":"https:\/\/www.sana.sy\/tr\/?p=152996"},"modified":"2018-06-29T15:30:08","modified_gmt":"2018-06-29T12:30:08","slug":"ordu-dera-kirsalinda-terorden-kurtardigi-busr-el-harir-ve-nahite-beldelerinde-arama-tarama-operasyonlari-gerceklestirdi","status":"publish","type":"post","link":"https:\/\/archive.sana.sy\/tr\/?p=152996","title":{"rendered":"Ordu Dera k\u0131rsal\u0131nda ter\u00f6rden kurtard\u0131\u011f\u0131 Busr el Harir ve Nahite beldelerinde arama tarama operasyonlar\u0131 ger\u00e7ekle\u015ftirdi"},"content":{"rendered":"<p>Ordu Dera k\u0131rsal\u0131nda ter\u00f6rden kurtard\u0131\u011f\u0131 Busr el Harir ve Nahite beldelerinde arama tarama operasyonlar\u0131 ger\u00e7ekle\u015ftirdi<\/p>\n<p>https:\/\/www.youtube.com\/watch?v=FArNXl2KsIU<\/p>\n","protected":false},"excerpt":{"rendered":"<p>Ordu Dera k\u0131rsal\u0131nda ter\u00f6rden kurtard\u0131\u011f\u0131 Busr el Harir ve Nahite beldelerinde arama tarama operasyonlar\u0131 ger\u00e7ekle\u015ftirdi https:\/\/www.youtube.com\/watch?v=FArNXl2KsIU<\/p>\n","protected":false},"author":1,"featured_media":153020,"comment_status":"closed","ping_status":"closed","sticky":false,"template":"","format":"standard","meta":{"footnotes":""},"categories":[18295],"tags":[],"class_list":["post-152996","post","type-post","status-publish","format-standard","has-post-thumbnail","","category-sana-video"],"_links":{"self":[{"href":"https:\/\/archive.sana.sy\/tr\/index.php?rest_route=\/wp\/v2\/posts\/152996","targetHints":{"allow":["GET"]}}],"collection":[{"href":"https:\/\/archive.sana.sy\/tr\/index.php?rest_route=\/wp\/v2\/posts"}],"about":[{"href":"https:\/\/archive.sana.sy\/tr\/index.php?rest_route=\/wp\/v2\/types\/post"}],"author":[{"embeddable":true,"href":"https:\/\/archive.sana.sy\/tr\/index.php?rest_route=\/wp\/v2\/users\/1"}],"replies":[{"embeddable":true,"href":"https:\/\/archive.sana.sy\/tr\/index.php?rest_route=%2Fwp%2Fv2%2Fcomments&post=152996"}],"version-history":[{"count":0,"href":"https:\/\/archive.sana.sy\/tr\/index.php?rest_route=\/wp\/v2\/posts\/152996\/revisions"}],"wp:featuredmedia":[{"embeddable":true,"href":"https:\/\/archive.sana.sy\/tr\/index.php?rest_route=\/wp\/v2\/media\/153020"}],"wp:attachment":[{"href":"https:\/\/archive.sana.sy\/tr\/index.php?rest_route=%2Fwp%2Fv2%2Fmedia&parent=152996"}],"wp:term":[{"taxonomy":"category","embeddable":true,"href":"https:\/\/archive.sana.sy\/tr\/index.php?rest_route=%2Fwp%2Fv2%2Fcategories&post=152996"},{"taxonomy":"post_tag","embeddable":true,"href":"https:\/\/archive.sana.sy\/tr\/index.php?rest_route=%2Fwp%2Fv2%2Ftags&post=152996"}],"curies":[{"name":"wp","href":"https:\/\/api.w.org\/{rel}","templated":true}]}}