{"id":15300,"date":"2014-11-11T17:31:50","date_gmt":"2014-11-11T15:31:50","guid":{"rendered":"http:\/\/www.sana.sy\/tr\/?p=15300"},"modified":"2014-11-12T15:07:05","modified_gmt":"2014-11-12T13:07:05","slug":"yargi-harc-ve-harcamalarina-iliskin-tasari-karara-baglandi","status":"publish","type":"post","link":"https:\/\/archive.sana.sy\/tr\/?p=15300","title":{"rendered":"Yarg\u0131 Har\u00e7 ve Harcamalar\u0131na \u0130li\u015fkin Tasar\u0131 Karara Ba\u011fland\u0131"},"content":{"rendered":"<p>\u015eAM \u2013 Bakanlar Kurulu bug\u00fcn Ba\u015fbakan Vail el Halaki ba\u015fkanl\u0131\u011f\u0131nda d\u00fczenledi\u011fi haftal\u0131k ola\u011fan toplant\u0131s\u0131nda yarg\u0131 reformu kapsam\u0131nda yarg\u0131 har\u00e7 ve harcamalar\u0131n\u0131 d\u00fczenlemek amac\u0131yla haz\u0131rlanan 2012\/1 nolu kanun tasar\u0131s\u0131n\u0131 karara ba\u011flad\u0131.<\/p>\n<p>Ekonomik, hizmet, sanayi ve vatanda\u015f\u0131n ya\u015fam standard\u0131yla ilgili bir\u00e7ok ba\u015fl\u0131\u011f\u0131n tart\u0131\u015f\u0131ld\u0131\u011f\u0131 toplant\u0131da, ayr\u0131ca \u00fclkeye beyan edilmeden ge\u00e7irilen i\u015flenmemi\u015f k\u00fcl\u00e7e alt\u0131n\u0131n beyan edilmesi ve vergilendirilmesi s\u00fcrecine ili\u015fkin tasar\u0131 da karara ba\u011fland\u0131.<\/p>\n<p>Ba\u015fbakan toplant\u0131da yapt\u0131\u011f\u0131 konu\u015fmada; elektrik santrallerini besleyen do\u011falgaz hatlar\u0131n\u0131n daha aktif \u00e7al\u0131\u015fmaya ba\u015flamas\u0131yla elektrik enerjisi hizmetinde ciddi bir d\u00fczelme sa\u011flanaca\u011f\u0131n\u0131 ifade ederek h\u00fck\u00fcmetin mazot ve do\u011falgaz talebindeki y\u0131\u011f\u0131lmalar\u0131 b\u00fcy\u00fck oranda hafifletmeyi ba\u015fard\u0131\u011f\u0131n\u0131 ve kriz t\u00fcccarlar\u0131yla olan m\u00fccadeleyi s\u00fcrd\u00fcrerek bu alandaki iyile\u015fmeyi g\u00fc\u00e7lendirece\u011fini beyan etti.<\/p>\n<p><a href=\"http:\/\/www.sana.sy\/tr\/wp-content\/uploads\/2014\/11\/Halaki.jpg\"><img loading=\"lazy\" decoding=\"async\" class=\"alignright wp-image-15302 size-medium\" src=\"http:\/\/www.sana.sy\/tr\/wp-content\/uploads\/2014\/11\/Halaki-300x186.jpg\" alt=\"Halaki\" width=\"300\" height=\"186\" srcset=\"https:\/\/archive.sana.sy\/tr\/wp-content\/uploads\/2014\/11\/Halaki-300x186.jpg 300w, https:\/\/archive.sana.sy\/tr\/wp-content\/uploads\/2014\/11\/Halaki-150x93.jpg 150w, https:\/\/archive.sana.sy\/tr\/wp-content\/uploads\/2014\/11\/Halaki-1024x636.jpg 1024w\" sizes=\"auto, (max-width: 300px) 100vw, 300px\" \/><\/a>Ba\u015fbakan Yard\u0131mc\u0131s\u0131 ve D\u0131\u015fi\u015fleri &#8211; Gurbet\u00e7iler Bakan\u0131 Velit el Muallim\u2019in uluslararas\u0131 alanda meydana gelen yeni geli\u015fmelere ili\u015fkin bir anlat\u0131m sundu\u011fu toplant\u0131da, Sosyal \u00c7al\u0131\u015fma Bakan\u0131 Kinde \u015eammat \u00c7ocuk Haklar\u0131 S\u00f6zle\u015fmesinin uygulanmas\u0131 \u00e7er\u00e7evesinde haz\u0131rlanan ulusal projenin uygulamalar\u0131na ili\u015fkin bir anlat\u0131m sundu.<\/p>\n<p>Bununla birlikte \u0130\u00e7 Ticaret ve T\u00fcketiciyi Koruma Bakan\u0131 Hassan Safiye bakanl\u0131\u011f\u0131n ula\u015f\u0131m \u00fccretlerini denetim alt\u0131na almak amac\u0131yla al\u0131nan icraatlara ili\u015fkin bir sunum takdim etti.<\/p>\n","protected":false},"excerpt":{"rendered":"<p>\u015eAM \u2013 Bakanlar Kurulu bug\u00fcn Ba\u015fbakan Vail el Halaki ba\u015fkanl\u0131\u011f\u0131nda d\u00fczenledi\u011fi haftal\u0131k ola\u011fan toplant\u0131s\u0131nda yarg\u0131 reformu kapsam\u0131nda yarg\u0131 har\u00e7 ve harcamalar\u0131n\u0131 d\u00fczenlemek amac\u0131yla haz\u0131rlanan 2012\/1 nolu kanun tasar\u0131s\u0131n\u0131 karara ba\u011flad\u0131. Ekonomik, hizmet, sanayi ve vatanda\u015f\u0131n ya\u015fam standard\u0131yla ilgili bir\u00e7ok ba\u015fl\u0131\u011f\u0131n tart\u0131\u015f\u0131ld\u0131\u011f\u0131 toplant\u0131da, ayr\u0131ca \u00fclkeye beyan edilmeden ge\u00e7irilen i\u015flenmemi\u015f k\u00fcl\u00e7e alt\u0131n\u0131n beyan edilmesi ve vergilendirilmesi s\u00fcrecine &hellip;<\/p>\n","protected":false},"author":1,"featured_media":15301,"comment_status":"closed","ping_status":"closed","sticky":false,"template":"","format":"standard","meta":{"footnotes":""},"categories":[485,486],"tags":[5576,4569,5575,5577,5574],"class_list":["post-15300","post","type-post","status-publish","format-standard","has-post-thumbnail","","category-is-ve-sermaye","category-haberler-is-ve-sermaye","tag-ayrica-ulkeye-beyan-edilmeden-gecirilen-islenmemis-kulce-altinin-beyan-edilmesi-ve-vergilendirilmesi-surecine-iliskin-tasari-da-karara-baglandi-basbakan-toplantida-yaptigi-konusmada-elektrik-santral","tag-hizmet","tag-sanayi-ve-vatandasin-yasam-standardiyla-ilgili-bircok-basligin-tartisildigi-toplantida","tag-sosyal-calisma-bakani-kinde-sammat-cocuk-haklari-sozlesmesinin-uygulanmasi-cercevesinde-hazirlanan-ulusal-projenin-uygulamalarina-iliskin-bir-anlatim-sundu-bununla-birlikte-ic-ticaret-ve-tuketiciyi-k","tag-yargi-harc-ve-harcamalarina-iliskin-tasari-karara-baglandi-sam-bakanlar-kurulu-bugun-basbakan-vail-el-halaki-baskanliginda-duzenledigi-haftalik-olagan-toplantisinda-yargi-reformu-kapsaminda"],"_links":{"self":[{"href":"https:\/\/archive.sana.sy\/tr\/index.php?rest_route=\/wp\/v2\/posts\/15300","targetHints":{"allow":["GET"]}}],"collection":[{"href":"https:\/\/archive.sana.sy\/tr\/index.php?rest_route=\/wp\/v2\/posts"}],"about":[{"href":"https:\/\/archive.sana.sy\/tr\/index.php?rest_route=\/wp\/v2\/types\/post"}],"author":[{"embeddable":true,"href":"https:\/\/archive.sana.sy\/tr\/index.php?rest_route=\/wp\/v2\/users\/1"}],"replies":[{"embeddable":true,"href":"https:\/\/archive.sana.sy\/tr\/index.php?rest_route=%2Fwp%2Fv2%2Fcomments&post=15300"}],"version-history":[{"count":0,"href":"https:\/\/archive.sana.sy\/tr\/index.php?rest_route=\/wp\/v2\/posts\/15300\/revisions"}],"wp:featuredmedia":[{"embeddable":true,"href":"https:\/\/archive.sana.sy\/tr\/index.php?rest_route=\/wp\/v2\/media\/15301"}],"wp:attachment":[{"href":"https:\/\/archive.sana.sy\/tr\/index.php?rest_route=%2Fwp%2Fv2%2Fmedia&parent=15300"}],"wp:term":[{"taxonomy":"category","embeddable":true,"href":"https:\/\/archive.sana.sy\/tr\/index.php?rest_route=%2Fwp%2Fv2%2Fcategories&post=15300"},{"taxonomy":"post_tag","embeddable":true,"href":"https:\/\/archive.sana.sy\/tr\/index.php?rest_route=%2Fwp%2Fv2%2Ftags&post=15300"}],"curies":[{"name":"wp","href":"https:\/\/api.w.org\/{rel}","templated":true}]}}