{"id":153056,"date":"2018-06-30T12:13:14","date_gmt":"2018-06-30T09:13:14","guid":{"rendered":"https:\/\/www.sana.sy\/tr\/?p=153056"},"modified":"2018-06-30T12:13:14","modified_gmt":"2018-06-30T09:13:14","slug":"sana-kameralari-ordu-birliklerimizin-dera-kirsalinda-abd-ve-israil-destekli-teroristlerden-kurtardiklari-alma-beldesine-girdi","status":"publish","type":"post","link":"https:\/\/archive.sana.sy\/tr\/?p=153056","title":{"rendered":"SANA kameralar\u0131 ordu birliklerimizin Dera k\u0131rsal\u0131nda ABD ve \u0130srail destekli ter\u00f6ristlerden kurtard\u0131klar\u0131 Alma Beldesine girdi."},"content":{"rendered":"<p>SANA kameralar\u0131 ordu birliklerimizin Dera k\u0131rsal\u0131nda ABD ve \u0130srail destekli ter\u00f6ristlerden kurtard\u0131klar\u0131 Alma Beldesine girdi.<\/p>\n<p>https:\/\/www.youtube.com\/watch?v=T6aLbH5T0S4<\/p>\n","protected":false},"excerpt":{"rendered":"<p>SANA kameralar\u0131 ordu birliklerimizin Dera k\u0131rsal\u0131nda ABD ve \u0130srail destekli ter\u00f6ristlerden kurtard\u0131klar\u0131 Alma Beldesine girdi. https:\/\/www.youtube.com\/watch?v=T6aLbH5T0S4<\/p>\n","protected":false},"author":1,"featured_media":153074,"comment_status":"closed","ping_status":"closed","sticky":false,"template":"","format":"standard","meta":{"footnotes":""},"categories":[18295],"tags":[1295,18674,16591,11549,19034,22181],"class_list":["post-153056","post","type-post","status-publish","format-standard","has-post-thumbnail","","category-sana-video","tag-dera","tag-silahli-muhalifler","tag-suriye","tag-suriye-ordusu","tag-suriyeli-muhalifler","tag-suriyeliler"],"_links":{"self":[{"href":"https:\/\/archive.sana.sy\/tr\/index.php?rest_route=\/wp\/v2\/posts\/153056","targetHints":{"allow":["GET"]}}],"collection":[{"href":"https:\/\/archive.sana.sy\/tr\/index.php?rest_route=\/wp\/v2\/posts"}],"about":[{"href":"https:\/\/archive.sana.sy\/tr\/index.php?rest_route=\/wp\/v2\/types\/post"}],"author":[{"embeddable":true,"href":"https:\/\/archive.sana.sy\/tr\/index.php?rest_route=\/wp\/v2\/users\/1"}],"replies":[{"embeddable":true,"href":"https:\/\/archive.sana.sy\/tr\/index.php?rest_route=%2Fwp%2Fv2%2Fcomments&post=153056"}],"version-history":[{"count":0,"href":"https:\/\/archive.sana.sy\/tr\/index.php?rest_route=\/wp\/v2\/posts\/153056\/revisions"}],"wp:featuredmedia":[{"embeddable":true,"href":"https:\/\/archive.sana.sy\/tr\/index.php?rest_route=\/wp\/v2\/media\/153074"}],"wp:attachment":[{"href":"https:\/\/archive.sana.sy\/tr\/index.php?rest_route=%2Fwp%2Fv2%2Fmedia&parent=153056"}],"wp:term":[{"taxonomy":"category","embeddable":true,"href":"https:\/\/archive.sana.sy\/tr\/index.php?rest_route=%2Fwp%2Fv2%2Fcategories&post=153056"},{"taxonomy":"post_tag","embeddable":true,"href":"https:\/\/archive.sana.sy\/tr\/index.php?rest_route=%2Fwp%2Fv2%2Ftags&post=153056"}],"curies":[{"name":"wp","href":"https:\/\/api.w.org\/{rel}","templated":true}]}}