{"id":15317,"date":"2014-11-11T20:08:15","date_gmt":"2014-11-11T18:08:15","guid":{"rendered":"http:\/\/www.sana.sy\/tr\/?p=15317"},"modified":"2014-11-11T20:40:10","modified_gmt":"2014-11-11T18:40:10","slug":"toplanti-suriyeli-kadini-destekleme-yontemlerine-odaklandi","status":"publish","type":"post","link":"https:\/\/archive.sana.sy\/tr\/?p=15317","title":{"rendered":"Toplant\u0131 Suriyeli Kad\u0131n\u0131 Destekleme Y\u00f6ntemlerine Odakland\u0131"},"content":{"rendered":"<p>\u015eAM \u2013 Sosyal \u0130\u015fler Bakan\u0131 Kinda \u015eammat, bug\u00fcn BM Kad\u0131n Komisyonu Arap \u00dclkeleri B\u00f6lge Ofisi M\u00fcd\u00fcr\u00fc Semire el T\u00fcveycre ile bir araya gelerek Suriyeli i\u015f\u00e7i kad\u0131nlar\u0131n desteklenmesi ve ekonomilerini g\u00fc\u00e7lendirerek ya\u015fad\u0131klar\u0131 kriz ko\u015fullar\u0131n\u0131 a\u015fmalar\u0131na yard\u0131mc\u0131 olma olanaklar\u0131n\u0131 inceledi.<\/p>\n<p>G\u00f6r\u00fc\u015fmenin ard\u0131ndan gazetecilere a\u00e7\u0131klama yapan \u015eammat; kad\u0131nlar\u0131 ve \u00f6zellikle de i\u015f\u00e7i kad\u0131nlar\u0131 ekonomik olarak g\u00fc\u00e7lendirmenin h\u00fck\u00fcmetin \u00f6ncelikleri aras\u0131nda yer ald\u0131\u011f\u0131na i\u015faret ederek bu \u00e7er\u00e7evede bakanl\u0131k ile BM Kad\u0131n Komisyonu aras\u0131nda bir anla\u015fma imzalanmas\u0131 ihtimali bulundu\u011funu belirtti.<\/p>\n<p><a href=\"http:\/\/www.sana.sy\/tr\/wp-content\/uploads\/2014\/11\/\u015eammat.jpg\"><img loading=\"lazy\" decoding=\"async\" class=\"alignright wp-image-15319 size-medium\" src=\"http:\/\/www.sana.sy\/tr\/wp-content\/uploads\/2014\/11\/\u015eammat-300x199.jpg\" alt=\"\u015eammat\" width=\"300\" height=\"199\" srcset=\"https:\/\/archive.sana.sy\/tr\/wp-content\/uploads\/2014\/11\/\u015eammat-300x199.jpg 300w, https:\/\/archive.sana.sy\/tr\/wp-content\/uploads\/2014\/11\/\u015eammat-150x99.jpg 150w, https:\/\/archive.sana.sy\/tr\/wp-content\/uploads\/2014\/11\/\u015eammat-1024x681.jpg 1024w\" sizes=\"auto, (max-width: 300px) 100vw, 300px\" \/><\/a>Suriyeli kad\u0131n\u0131n ger\u00e7ek ihtiya\u00e7lar\u0131 konusunda yap\u0131lan nesnel de\u011ferlendirmeler sonucunda bakanl\u0131k ile komisyonun g\u00f6r\u00fc\u015f birli\u011fine ula\u015ft\u0131\u011f\u0131na dikkat \u00e7eken \u015eammat; bakanl\u0131\u011f\u0131n \u00f6n\u00fcm\u00fczdeki s\u00fcre\u00e7te ba\u015fta Uluslararas\u0131 Planlama ve \u0130\u015fbirli\u011fi Kurumu ve Aile \u0130\u015fleri Komisyonu olmak \u00fczere kimi ulusal kurumlarla toplant\u0131 d\u00fczenleyerek BM Kad\u0131n Komisyonu ile imzalanacak anla\u015fman\u0131n \u00e7er\u00e7evesiyle ilgili g\u00f6r\u00fc\u015f al\u0131\u015fveri\u015finde bulunaca\u011f\u0131n\u0131 ibraz etti.<\/p>\n<p>\u00d6te yandan BM Kad\u0131n Komisyonu Arap \u00dclkeleri B\u00f6lge Ofisi M\u00fcd\u00fcr\u00fc T\u00fcveycre; toplant\u0131n\u0131n Suriyeli kad\u0131nlar\u0131 destekleme y\u00f6ntemlerine odakland\u0131\u011f\u0131n\u0131 dile getirerek sonraki a\u015famada Suriyeli kad\u0131n\u0131n kalk\u0131nmas\u0131 i\u00e7in at\u0131lmas\u0131 gereken ad\u0131mlar\u0131n da tart\u0131\u015f\u0131ld\u0131\u011f\u0131n\u0131 belirtti.<\/p>\n<p>&nbsp;<\/p>\n","protected":false},"excerpt":{"rendered":"<p>\u015eAM \u2013 Sosyal \u0130\u015fler Bakan\u0131 Kinda \u015eammat, bug\u00fcn BM Kad\u0131n Komisyonu Arap \u00dclkeleri B\u00f6lge Ofisi M\u00fcd\u00fcr\u00fc Semire el T\u00fcveycre ile bir araya gelerek Suriyeli i\u015f\u00e7i kad\u0131nlar\u0131n desteklenmesi ve ekonomilerini g\u00fc\u00e7lendirerek ya\u015fad\u0131klar\u0131 kriz ko\u015fullar\u0131n\u0131 a\u015fmalar\u0131na yard\u0131mc\u0131 olma olanaklar\u0131n\u0131 inceledi. G\u00f6r\u00fc\u015fmenin ard\u0131ndan gazetecilere a\u00e7\u0131klama yapan \u015eammat; kad\u0131nlar\u0131 ve \u00f6zellikle de i\u015f\u00e7i kad\u0131nlar\u0131 ekonomik olarak g\u00fc\u00e7lendirmenin h\u00fck\u00fcmetin \u00f6ncelikleri &hellip;<\/p>\n","protected":false},"author":1,"featured_media":15318,"comment_status":"closed","ping_status":"closed","sticky":false,"template":"","format":"standard","meta":{"footnotes":""},"categories":[1],"tags":[5599,5598],"class_list":["post-15317","post","type-post","status-publish","format-standard","has-post-thumbnail","","category-news-not-sorted","tag-bugun-bm-kadin-komisyonu-arap-ulkeleri-bolge-ofisi-muduru-semire-el-tuveycre-ile-bir-araya-gelerek-suriyeli-isci-kadinlarin-desteklenmesi-ve-ekonomilerini-guclendirerek-yasadiklari-kriz-kosullarini-as","tag-toplanti-suriyeli-kadini-destekleme-yontemlerine-odaklandi-sam-sosyal-calisma-bakani-kinde-sammat"],"_links":{"self":[{"href":"https:\/\/archive.sana.sy\/tr\/index.php?rest_route=\/wp\/v2\/posts\/15317","targetHints":{"allow":["GET"]}}],"collection":[{"href":"https:\/\/archive.sana.sy\/tr\/index.php?rest_route=\/wp\/v2\/posts"}],"about":[{"href":"https:\/\/archive.sana.sy\/tr\/index.php?rest_route=\/wp\/v2\/types\/post"}],"author":[{"embeddable":true,"href":"https:\/\/archive.sana.sy\/tr\/index.php?rest_route=\/wp\/v2\/users\/1"}],"replies":[{"embeddable":true,"href":"https:\/\/archive.sana.sy\/tr\/index.php?rest_route=%2Fwp%2Fv2%2Fcomments&post=15317"}],"version-history":[{"count":0,"href":"https:\/\/archive.sana.sy\/tr\/index.php?rest_route=\/wp\/v2\/posts\/15317\/revisions"}],"wp:featuredmedia":[{"embeddable":true,"href":"https:\/\/archive.sana.sy\/tr\/index.php?rest_route=\/wp\/v2\/media\/15318"}],"wp:attachment":[{"href":"https:\/\/archive.sana.sy\/tr\/index.php?rest_route=%2Fwp%2Fv2%2Fmedia&parent=15317"}],"wp:term":[{"taxonomy":"category","embeddable":true,"href":"https:\/\/archive.sana.sy\/tr\/index.php?rest_route=%2Fwp%2Fv2%2Fcategories&post=15317"},{"taxonomy":"post_tag","embeddable":true,"href":"https:\/\/archive.sana.sy\/tr\/index.php?rest_route=%2Fwp%2Fv2%2Ftags&post=15317"}],"curies":[{"name":"wp","href":"https:\/\/api.w.org\/{rel}","templated":true}]}}