{"id":153221,"date":"2018-07-02T13:00:57","date_gmt":"2018-07-02T10:00:57","guid":{"rendered":"https:\/\/www.sana.sy\/tr\/?p=153221"},"modified":"2018-07-02T13:00:57","modified_gmt":"2018-07-02T10:00:57","slug":"dera-kirsali-dael-beldesinde-halk-kitleleri-sanli-bayragi-gondere-cekerken-orduya-desteklerini-vurguladi","status":"publish","type":"post","link":"https:\/\/archive.sana.sy\/tr\/?p=153221","title":{"rendered":"Dera K\u0131rsal\u0131 Dael Beldesinde halk kitleleri \u015fanl\u0131 bayra\u011f\u0131 g\u00f6ndere \u00e7ekerken orduya desteklerini vurgulad\u0131"},"content":{"rendered":"<p>Dera K\u0131rsal\u0131 Dael Beldesinde halk kitleleri \u015fanl\u0131 bayra\u011f\u0131 g\u00f6ndere \u00e7ekerken orduya desteklerini vurgulad\u0131<\/p>\n<p>https:\/\/www.youtube.com\/watch?v=9YvxYlE8_Z4<\/p>\n","protected":false},"excerpt":{"rendered":"<p>Dera K\u0131rsal\u0131 Dael Beldesinde halk kitleleri \u015fanl\u0131 bayra\u011f\u0131 g\u00f6ndere \u00e7ekerken orduya desteklerini vurgulad\u0131 https:\/\/www.youtube.com\/watch?v=9YvxYlE8_Z4<\/p>\n","protected":false},"author":1,"featured_media":153228,"comment_status":"closed","ping_status":"closed","sticky":false,"template":"","format":"standard","meta":{"footnotes":""},"categories":[18295],"tags":[30790,1295,16591,35883,11549,19034,22181],"class_list":["post-153221","post","type-post","status-publish","format-standard","has-post-thumbnail","","category-sana-video","tag-dara","tag-dera","tag-suriye","tag-suriye-bayragi","tag-suriye-ordusu","tag-suriyeli-muhalifler","tag-suriyeliler"],"_links":{"self":[{"href":"https:\/\/archive.sana.sy\/tr\/index.php?rest_route=\/wp\/v2\/posts\/153221","targetHints":{"allow":["GET"]}}],"collection":[{"href":"https:\/\/archive.sana.sy\/tr\/index.php?rest_route=\/wp\/v2\/posts"}],"about":[{"href":"https:\/\/archive.sana.sy\/tr\/index.php?rest_route=\/wp\/v2\/types\/post"}],"author":[{"embeddable":true,"href":"https:\/\/archive.sana.sy\/tr\/index.php?rest_route=\/wp\/v2\/users\/1"}],"replies":[{"embeddable":true,"href":"https:\/\/archive.sana.sy\/tr\/index.php?rest_route=%2Fwp%2Fv2%2Fcomments&post=153221"}],"version-history":[{"count":0,"href":"https:\/\/archive.sana.sy\/tr\/index.php?rest_route=\/wp\/v2\/posts\/153221\/revisions"}],"wp:featuredmedia":[{"embeddable":true,"href":"https:\/\/archive.sana.sy\/tr\/index.php?rest_route=\/wp\/v2\/media\/153228"}],"wp:attachment":[{"href":"https:\/\/archive.sana.sy\/tr\/index.php?rest_route=%2Fwp%2Fv2%2Fmedia&parent=153221"}],"wp:term":[{"taxonomy":"category","embeddable":true,"href":"https:\/\/archive.sana.sy\/tr\/index.php?rest_route=%2Fwp%2Fv2%2Fcategories&post=153221"},{"taxonomy":"post_tag","embeddable":true,"href":"https:\/\/archive.sana.sy\/tr\/index.php?rest_route=%2Fwp%2Fv2%2Ftags&post=153221"}],"curies":[{"name":"wp","href":"https:\/\/api.w.org\/{rel}","templated":true}]}}