{"id":153288,"date":"2018-07-02T13:05:43","date_gmt":"2018-07-02T10:05:43","guid":{"rendered":"https:\/\/www.sana.sy\/tr\/?p=153288"},"modified":"2018-07-03T14:00:07","modified_gmt":"2018-07-03T11:00:07","slug":"ordu-arta-kalan-teroristleri-yok-etme-operasyonlarini-surduruyor","status":"publish","type":"post","link":"https:\/\/archive.sana.sy\/tr\/?p=153288","title":{"rendered":"Ordu Arta Kalan Ter\u00f6ristleri Yok Etme Operasyonlar\u0131n\u0131 S\u00fcrd\u00fcr\u00fcyor"},"content":{"rendered":"<p>DERA \u2013 Ordu birliklerimiz Dera\u2019da Beled B\u00f6glesinin yan\u0131 s\u0131ra il k\u0131rsal\u0131n\u0131n bat\u0131s\u0131 ve g\u00fcneydo\u011fusunda arta kalan radikal ter\u00f6ristlere kar\u015f\u0131 operasyonlar\u0131n\u0131 ba\u015far\u0131yla s\u00fcrd\u00fcr\u00fcyor.<\/p>\n<p>SANA\u2019n\u0131n Dera\u2019da sava\u015f muhabiri ordu birliklerimizin il k\u0131rsal\u0131n\u0131n g\u00fcneydo\u011fusunda \u00dcrd\u00fcn s\u0131n\u0131rlar\u0131na kadar uzanan b\u00f6lgenin Nuayme, Ciyze ve Sayda beldelerinde d\u0131\u015f g\u00fc\u00e7lerin edat olarak kulland\u0131klar\u0131 kiral\u0131k ter\u00f6ristlerin hareket, siper ve karargahlar\u0131n\u0131 yo\u011fun ate\u015fe tuttuklar\u0131n\u0131 belirtti. Muhabir s\u00f6z konusu belde ve k\u00f6ylerin ge\u00e7en y\u0131llar boyunca ter\u00f6ristlerin ana destek ve ikmal hatt\u0131n\u0131 te\u015fkil ettiklerine dikkat \u00e7ekti.<\/p>\n<p>Aralar\u0131nda bariz isimlerin bulundu\u011fu y\u00fcksek say\u0131da ter\u00f6ristin \u00f6ld\u00fcr\u00fcld\u00fc\u011f\u00fc nitelikli ve ba\u015far\u0131l\u0131 operasyonlarda ter\u00f6ristlerin destek ve ikmal hatlar\u0131n\u0131n kesildi\u011fini ifade eden muhabir; ara\u00e7 ve cephanelerine ilaveten siperlerinin de imha edildi\u011fini kaydetti. Muhabir u\u011frad\u0131klar\u0131 a\u011f\u0131r kay\u0131plar\u0131n saflar\u0131nda panik ve \u00e7\u00f6k\u00fc\u015fe yol a\u00e7t\u0131\u011f\u0131n\u0131 ifade ederken, bunun silahlar\u0131n\u0131 teslim etme ve uzla\u015fmaya kat\u0131lmalar\u0131na ikna olma s\u00fcrecini h\u0131zland\u0131raca\u011f\u0131na i\u015faret etti.<\/p>\n<p>SANA\u2019n\u0131n sava\u015f muhabiri ordu birliklerimizin Dera k\u0131rsal\u0131n\u0131n bat\u0131s\u0131nda ter\u00f6re kar\u015f\u0131 operasyonlar\u0131n\u0131 geni\u015fletip yo\u011funla\u015ft\u0131rd\u0131\u011f\u0131na dikkat \u00e7ekti. Bat\u0131 k\u0131rsal\u0131nda Nusra Cephesi ve I\u015e\u0130D\u2019e biat etti\u011fi bilinen \u2018Cey\u015f Halit Bin Velit\u2019 adl\u0131 radikal ter\u00f6r \u00f6rg\u00fct\u00fcn\u00fcn karargah ve mevkilerinin yo\u011fun ate\u015fe tutuldu\u011funu ifade eden muhabir; iki radikal ter\u00f6r \u00f6rg\u00fct\u00fcn\u00fcn be\u015feri ve ekipman a\u00e7\u0131s\u0131ndan b\u00fcy\u00fck kay\u0131plara u\u011frat\u0131ld\u0131\u011f\u0131n\u0131 vurgulad\u0131.<\/p>\n<p>Muhabir \u00dcrd\u00fcn s\u0131n\u0131rlar\u0131na yak\u0131n Dera Beled\u2019in g\u00fcney kenarlar\u0131 eski g\u00fcmr\u00fck b\u00f6lgesinde ise ordu birliklerimizin ter\u00f6ristlerin askeri mevkilere a\u011f\u0131r silahlarla ate\u015f a\u00e7malar\u0131na kar\u015f\u0131 koyarak onlar\u0131 ciddi kay\u0131plara u\u011fratt\u0131klar\u0131n\u0131 aktard\u0131.<\/p>\n","protected":false},"excerpt":{"rendered":"<p>DERA \u2013 Ordu birliklerimiz Dera\u2019da Beled B\u00f6glesinin yan\u0131 s\u0131ra il k\u0131rsal\u0131n\u0131n bat\u0131s\u0131 ve g\u00fcneydo\u011fusunda arta kalan radikal ter\u00f6ristlere kar\u015f\u0131 operasyonlar\u0131n\u0131 ba\u015far\u0131yla s\u00fcrd\u00fcr\u00fcyor. SANA\u2019n\u0131n Dera\u2019da sava\u015f muhabiri ordu birliklerimizin il k\u0131rsal\u0131n\u0131n g\u00fcneydo\u011fusunda \u00dcrd\u00fcn s\u0131n\u0131rlar\u0131na kadar uzanan b\u00f6lgenin Nuayme, Ciyze ve Sayda beldelerinde d\u0131\u015f g\u00fc\u00e7lerin edat olarak kulland\u0131klar\u0131 kiral\u0131k ter\u00f6ristlerin hareket, siper ve karargahlar\u0131n\u0131 yo\u011fun ate\u015fe tuttuklar\u0131n\u0131 &hellip;<\/p>\n","protected":false},"author":1,"featured_media":153292,"comment_status":"closed","ping_status":"closed","sticky":false,"template":"","format":"standard","meta":{"footnotes":""},"categories":[479,575,17988,478],"tags":[3464,30790,1295,18674,16591,11549,19034,22181,28327,4076],"class_list":["post-153288","post","type-post","status-publish","format-standard","has-post-thumbnail","","category-haberler-yerel","category-olaylar-ve-gercekler","category-son-haberler","category-yerel","tag-nusra-cephesi","tag-dara","tag-dera","tag-silahli-muhalifler","tag-suriye","tag-suriye-ordusu","tag-suriyeli-muhalifler","tag-suriyeliler","tag-tahrir-el-sam","tag-terorle-mucadele"],"_links":{"self":[{"href":"https:\/\/archive.sana.sy\/tr\/index.php?rest_route=\/wp\/v2\/posts\/153288","targetHints":{"allow":["GET"]}}],"collection":[{"href":"https:\/\/archive.sana.sy\/tr\/index.php?rest_route=\/wp\/v2\/posts"}],"about":[{"href":"https:\/\/archive.sana.sy\/tr\/index.php?rest_route=\/wp\/v2\/types\/post"}],"author":[{"embeddable":true,"href":"https:\/\/archive.sana.sy\/tr\/index.php?rest_route=\/wp\/v2\/users\/1"}],"replies":[{"embeddable":true,"href":"https:\/\/archive.sana.sy\/tr\/index.php?rest_route=%2Fwp%2Fv2%2Fcomments&post=153288"}],"version-history":[{"count":0,"href":"https:\/\/archive.sana.sy\/tr\/index.php?rest_route=\/wp\/v2\/posts\/153288\/revisions"}],"wp:featuredmedia":[{"embeddable":true,"href":"https:\/\/archive.sana.sy\/tr\/index.php?rest_route=\/wp\/v2\/media\/153292"}],"wp:attachment":[{"href":"https:\/\/archive.sana.sy\/tr\/index.php?rest_route=%2Fwp%2Fv2%2Fmedia&parent=153288"}],"wp:term":[{"taxonomy":"category","embeddable":true,"href":"https:\/\/archive.sana.sy\/tr\/index.php?rest_route=%2Fwp%2Fv2%2Fcategories&post=153288"},{"taxonomy":"post_tag","embeddable":true,"href":"https:\/\/archive.sana.sy\/tr\/index.php?rest_route=%2Fwp%2Fv2%2Ftags&post=153288"}],"curies":[{"name":"wp","href":"https:\/\/api.w.org\/{rel}","templated":true}]}}