{"id":153297,"date":"2018-07-02T10:13:51","date_gmt":"2018-07-02T07:13:51","guid":{"rendered":"https:\/\/www.sana.sy\/tr\/?p=153297"},"modified":"2018-07-03T14:00:33","modified_gmt":"2018-07-03T11:00:33","slug":"153297","status":"publish","type":"post","link":"https:\/\/archive.sana.sy\/tr\/?p=153297","title":{"rendered":"Ter\u00f6rden Kurtar\u0131lan Beldeden G\u00f6r\u00fcnt\u00fcler"},"content":{"rendered":"<p>DERA \u2013 Ordu birliklerimizin Dera k\u0131rsal\u0131n\u0131n do\u011fusunda d\u0131\u015f g\u00fc\u00e7lerin edatlar\u0131 kiral\u0131k ter\u00f6ristlerden kurtard\u0131klar\u0131 Mseyfre Beldesinden g\u00f6r\u00fcnt\u00fcler.<\/p>\n<div id='gallery-1' class='gallery galleryid-153297 gallery-columns-1 gallery-size-full'><figure class='gallery-item'>\n\t\t\t<div class='gallery-icon landscape'>\n\t\t\t\t<a href='https:\/\/archive.sana.sy\/tr\/wp-content\/uploads\/2018\/07\/2-11.jpg'><img loading=\"lazy\" decoding=\"async\" width=\"660\" height=\"439\" src=\"https:\/\/archive.sana.sy\/tr\/wp-content\/uploads\/2018\/07\/2-11.jpg\" class=\"attachment-full size-full\" alt=\"\" srcset=\"https:\/\/archive.sana.sy\/tr\/wp-content\/uploads\/2018\/07\/2-11.jpg 660w, https:\/\/archive.sana.sy\/tr\/wp-content\/uploads\/2018\/07\/2-11-150x100.jpg 150w, https:\/\/archive.sana.sy\/tr\/wp-content\/uploads\/2018\/07\/2-11-300x200.jpg 300w, https:\/\/archive.sana.sy\/tr\/wp-content\/uploads\/2018\/07\/2-11-310x205.jpg 310w\" sizes=\"auto, (max-width: 660px) 100vw, 660px\" \/><\/a>\n\t\t\t<\/div><\/figure><figure class='gallery-item'>\n\t\t\t<div class='gallery-icon landscape'>\n\t\t\t\t<a href='https:\/\/archive.sana.sy\/tr\/wp-content\/uploads\/2018\/07\/3-5.jpg'><img loading=\"lazy\" decoding=\"async\" width=\"660\" height=\"591\" src=\"https:\/\/archive.sana.sy\/tr\/wp-content\/uploads\/2018\/07\/3-5.jpg\" class=\"attachment-full size-full\" alt=\"\" srcset=\"https:\/\/archive.sana.sy\/tr\/wp-content\/uploads\/2018\/07\/3-5.jpg 660w, https:\/\/archive.sana.sy\/tr\/wp-content\/uploads\/2018\/07\/3-5-150x134.jpg 150w, https:\/\/archive.sana.sy\/tr\/wp-content\/uploads\/2018\/07\/3-5-300x269.jpg 300w\" sizes=\"auto, (max-width: 660px) 100vw, 660px\" \/><\/a>\n\t\t\t<\/div><\/figure><figure class='gallery-item'>\n\t\t\t<div class='gallery-icon landscape'>\n\t\t\t\t<a href='https:\/\/archive.sana.sy\/tr\/wp-content\/uploads\/2018\/07\/4-4.jpg'><img loading=\"lazy\" decoding=\"async\" width=\"660\" height=\"371\" src=\"https:\/\/archive.sana.sy\/tr\/wp-content\/uploads\/2018\/07\/4-4.jpg\" class=\"attachment-full size-full\" alt=\"\" srcset=\"https:\/\/archive.sana.sy\/tr\/wp-content\/uploads\/2018\/07\/4-4.jpg 660w, https:\/\/archive.sana.sy\/tr\/wp-content\/uploads\/2018\/07\/4-4-150x84.jpg 150w, https:\/\/archive.sana.sy\/tr\/wp-content\/uploads\/2018\/07\/4-4-300x169.jpg 300w\" sizes=\"auto, (max-width: 660px) 100vw, 660px\" \/><\/a>\n\t\t\t<\/div><\/figure><figure class='gallery-item'>\n\t\t\t<div class='gallery-icon landscape'>\n\t\t\t\t<a href='https:\/\/archive.sana.sy\/tr\/wp-content\/uploads\/2018\/07\/5-2.jpg'><img loading=\"lazy\" decoding=\"async\" width=\"660\" height=\"439\" src=\"https:\/\/archive.sana.sy\/tr\/wp-content\/uploads\/2018\/07\/5-2.jpg\" class=\"attachment-full size-full\" alt=\"\" srcset=\"https:\/\/archive.sana.sy\/tr\/wp-content\/uploads\/2018\/07\/5-2.jpg 660w, https:\/\/archive.sana.sy\/tr\/wp-content\/uploads\/2018\/07\/5-2-150x100.jpg 150w, https:\/\/archive.sana.sy\/tr\/wp-content\/uploads\/2018\/07\/5-2-300x200.jpg 300w, https:\/\/archive.sana.sy\/tr\/wp-content\/uploads\/2018\/07\/5-2-310x205.jpg 310w\" sizes=\"auto, (max-width: 660px) 100vw, 660px\" \/><\/a>\n\t\t\t<\/div><\/figure><figure class='gallery-item'>\n\t\t\t<div class='gallery-icon landscape'>\n\t\t\t\t<a href='https:\/\/archive.sana.sy\/tr\/wp-content\/uploads\/2018\/07\/6-1.jpg'><img loading=\"lazy\" decoding=\"async\" width=\"660\" height=\"439\" src=\"https:\/\/archive.sana.sy\/tr\/wp-content\/uploads\/2018\/07\/6-1.jpg\" class=\"attachment-full size-full\" alt=\"\" srcset=\"https:\/\/archive.sana.sy\/tr\/wp-content\/uploads\/2018\/07\/6-1.jpg 660w, https:\/\/archive.sana.sy\/tr\/wp-content\/uploads\/2018\/07\/6-1-150x100.jpg 150w, https:\/\/archive.sana.sy\/tr\/wp-content\/uploads\/2018\/07\/6-1-300x200.jpg 300w, https:\/\/archive.sana.sy\/tr\/wp-content\/uploads\/2018\/07\/6-1-310x205.jpg 310w\" sizes=\"auto, (max-width: 660px) 100vw, 660px\" \/><\/a>\n\t\t\t<\/div><\/figure>\n\t\t<\/div>\n\n<p>&nbsp;<\/p>\n","protected":false},"excerpt":{"rendered":"<p>DERA \u2013 Ordu birliklerimizin Dera k\u0131rsal\u0131n\u0131n do\u011fusunda d\u0131\u015f g\u00fc\u00e7lerin edatlar\u0131 kiral\u0131k ter\u00f6ristlerden kurtard\u0131klar\u0131 Mseyfre Beldesinden g\u00f6r\u00fcnt\u00fcler. &nbsp;<\/p>\n","protected":false},"author":1,"featured_media":153309,"comment_status":"closed","ping_status":"closed","sticky":false,"template":"","format":"standard","meta":{"footnotes":""},"categories":[596,479,17988,478],"tags":[19210,36690,16591,11549,19034,22181],"class_list":["post-153297","post","type-post","status-publish","format-standard","has-post-thumbnail","","category-fotografli-raporlar","category-haberler-yerel","category-son-haberler","category-yerel","tag-dera-kirsali","tag-kurtarilan-belde","tag-suriye","tag-suriye-ordusu","tag-suriyeli-muhalifler","tag-suriyeliler"],"_links":{"self":[{"href":"https:\/\/archive.sana.sy\/tr\/index.php?rest_route=\/wp\/v2\/posts\/153297","targetHints":{"allow":["GET"]}}],"collection":[{"href":"https:\/\/archive.sana.sy\/tr\/index.php?rest_route=\/wp\/v2\/posts"}],"about":[{"href":"https:\/\/archive.sana.sy\/tr\/index.php?rest_route=\/wp\/v2\/types\/post"}],"author":[{"embeddable":true,"href":"https:\/\/archive.sana.sy\/tr\/index.php?rest_route=\/wp\/v2\/users\/1"}],"replies":[{"embeddable":true,"href":"https:\/\/archive.sana.sy\/tr\/index.php?rest_route=%2Fwp%2Fv2%2Fcomments&post=153297"}],"version-history":[{"count":0,"href":"https:\/\/archive.sana.sy\/tr\/index.php?rest_route=\/wp\/v2\/posts\/153297\/revisions"}],"wp:featuredmedia":[{"embeddable":true,"href":"https:\/\/archive.sana.sy\/tr\/index.php?rest_route=\/wp\/v2\/media\/153309"}],"wp:attachment":[{"href":"https:\/\/archive.sana.sy\/tr\/index.php?rest_route=%2Fwp%2Fv2%2Fmedia&parent=153297"}],"wp:term":[{"taxonomy":"category","embeddable":true,"href":"https:\/\/archive.sana.sy\/tr\/index.php?rest_route=%2Fwp%2Fv2%2Fcategories&post=153297"},{"taxonomy":"post_tag","embeddable":true,"href":"https:\/\/archive.sana.sy\/tr\/index.php?rest_route=%2Fwp%2Fv2%2Ftags&post=153297"}],"curies":[{"name":"wp","href":"https:\/\/api.w.org\/{rel}","templated":true}]}}