{"id":15338,"date":"2014-11-12T10:31:13","date_gmt":"2014-11-12T08:31:13","guid":{"rendered":"http:\/\/www.sana.sy\/tr\/?p=15338"},"modified":"2014-11-12T10:32:10","modified_gmt":"2014-11-12T08:32:10","slug":"teroristler-sivilleri-hedef-almaya-devam-ediyor-ceramanada-4-yarali","status":"publish","type":"post","link":"https:\/\/archive.sana.sy\/tr\/?p=15338","title":{"rendered":"Ter\u00f6ristler Sivilleri Hedef Almaya Devam Ediyor.. Ceramana\u2019da 4 Yaral\u0131"},"content":{"rendered":"<p>\u015eAM KIRSALI \u2013 Ter\u00f6ristlerin d\u00fcn Ceramana kasabas\u0131na y\u00f6nelik havan roketleriyle d\u00fczenledikleri ter\u00f6r sald\u0131r\u0131lar\u0131nda 4 vatand\u015f yaraland\u0131.<\/p>\n<p>\u0130l Emniyet M\u00fcd\u00fcrl\u00fc\u011f\u00fcnde bir kaynak, bir havan roketinin Cenayin Semti el Medaris (Okullar) Caddesine d\u00fc\u015fmesi sonucunda aralar\u0131nda bir bayan\u0131n bulundu\u011fu 4 vatanda\u015f\u0131n yaraland\u0131\u011f\u0131n\u0131 3 ara\u00e7ta da maddi zararlar\u0131n meydana geldi\u011fini s\u00f6yledi.<\/p>\n<p>Bu ay\u0131n ba\u015f\u0131nda da ter\u00f6ristlerin\u00a0 Kasabaya y\u00f6nelik tekrarlanan bir dizi sald\u0131r\u0131da, el Rad\u0131 Hastanesi yak\u0131nlar\u0131na f\u0131rlatt\u0131klar\u0131 havan roketinin d\u00fc\u015fmesi sonucunda aralar\u0131nda 2 \u00e7ocuk ve bir kad\u0131n\u0131n bulundu\u011fu 13 vatanda\u015f yaralanm\u0131\u015ft\u0131.<\/p>\n","protected":false},"excerpt":{"rendered":"<p>\u015eAM KIRSALI \u2013 Ter\u00f6ristlerin d\u00fcn Ceramana kasabas\u0131na y\u00f6nelik havan roketleriyle d\u00fczenledikleri ter\u00f6r sald\u0131r\u0131lar\u0131nda 4 vatand\u015f yaraland\u0131. \u0130l Emniyet M\u00fcd\u00fcrl\u00fc\u011f\u00fcnde bir kaynak, bir havan roketinin Cenayin Semti el Medaris (Okullar) Caddesine d\u00fc\u015fmesi sonucunda aralar\u0131nda bir bayan\u0131n bulundu\u011fu 4 vatanda\u015f\u0131n yaraland\u0131\u011f\u0131n\u0131 3 ara\u00e7ta da maddi zararlar\u0131n meydana geldi\u011fini s\u00f6yledi. Bu ay\u0131n ba\u015f\u0131nda da ter\u00f6ristlerin\u00a0 Kasabaya y\u00f6nelik tekrarlanan &hellip;<\/p>\n","protected":false},"author":1,"featured_media":11115,"comment_status":"closed","ping_status":"closed","sticky":false,"template":"","format":"standard","meta":{"footnotes":""},"categories":[575],"tags":[5644,5645,5643],"class_list":["post-15338","post","type-post","status-publish","format-standard","has-post-thumbnail","","category-olaylar-ve-gercekler","tag-bir-havan-roketinin-cenayin-semti-el-medaris-okullar-caddesine-dusmesi-sonucunda-aralarinda-bir-bayanin-bulundugu-4-vatandasin-yaralandigini-3-aracta-da-maddi-zararlarin-meydana-geldigini-soyledi-b","tag-el-radi-hastanesi-yakinlarina-firlattiklari-havan-roketinin-dusmesi-sonucunda-aralarinda-2-cocuk-ve-bir-kadinin-bulundugu-13-vatandas-yaralanmisti","tag-teroristler-sivilleri-hedef-almaya-devam-ediyor-ceramanada-4-yarali-sam-kirsali-teroristlerin-dun-ceramana-kasabasina-yonelik-havan-roketleriyle-duzenledikleri-teror-saldirilarind"],"_links":{"self":[{"href":"https:\/\/archive.sana.sy\/tr\/index.php?rest_route=\/wp\/v2\/posts\/15338","targetHints":{"allow":["GET"]}}],"collection":[{"href":"https:\/\/archive.sana.sy\/tr\/index.php?rest_route=\/wp\/v2\/posts"}],"about":[{"href":"https:\/\/archive.sana.sy\/tr\/index.php?rest_route=\/wp\/v2\/types\/post"}],"author":[{"embeddable":true,"href":"https:\/\/archive.sana.sy\/tr\/index.php?rest_route=\/wp\/v2\/users\/1"}],"replies":[{"embeddable":true,"href":"https:\/\/archive.sana.sy\/tr\/index.php?rest_route=%2Fwp%2Fv2%2Fcomments&post=15338"}],"version-history":[{"count":0,"href":"https:\/\/archive.sana.sy\/tr\/index.php?rest_route=\/wp\/v2\/posts\/15338\/revisions"}],"wp:featuredmedia":[{"embeddable":true,"href":"https:\/\/archive.sana.sy\/tr\/index.php?rest_route=\/wp\/v2\/media\/11115"}],"wp:attachment":[{"href":"https:\/\/archive.sana.sy\/tr\/index.php?rest_route=%2Fwp%2Fv2%2Fmedia&parent=15338"}],"wp:term":[{"taxonomy":"category","embeddable":true,"href":"https:\/\/archive.sana.sy\/tr\/index.php?rest_route=%2Fwp%2Fv2%2Fcategories&post=15338"},{"taxonomy":"post_tag","embeddable":true,"href":"https:\/\/archive.sana.sy\/tr\/index.php?rest_route=%2Fwp%2Fv2%2Ftags&post=15338"}],"curies":[{"name":"wp","href":"https:\/\/api.w.org\/{rel}","templated":true}]}}