{"id":153401,"date":"2018-07-03T18:03:06","date_gmt":"2018-07-03T15:03:06","guid":{"rendered":"https:\/\/www.sana.sy\/tr\/?p=153401"},"modified":"2018-07-04T12:44:49","modified_gmt":"2018-07-04T09:44:49","slug":"sehit-cocuklari-ve-engelli-cocuklara-odakli-bir-dizi-proje-baslatildi","status":"publish","type":"post","link":"https:\/\/archive.sana.sy\/tr\/?p=153401","title":{"rendered":"\u015eehit \u00c7ocuklar\u0131 ve Engelli \u00c7ocuklara Odakl\u0131 Bir Dizi Proje Ba\u015flat\u0131ld\u0131"},"content":{"rendered":"<p>\u015eAM \u2013 Cuzur G\u00f6n\u00fcll\u00fc Gen\u00e7ler Ekibi \u015eam Bizi Birle\u015ftirir Festivalinin etkinlikleri kapsam\u0131nda \u015fehit \u00e7ocuklar\u0131 ve engelli \u00e7ocuklara destek ve yard\u0131m ba\u011flam\u0131nda bir dizi s\u00fcrd\u00fcr\u00fclebilir projeler ba\u015flatt\u0131.<\/p>\n<p>Bu projelerden biri say\u0131lan e\u011fitim \u00e7ad\u0131r\u0131nda \u015fehit \u00e7ocuklar\u0131 ve engelli \u00e7ocuklar\u0131n yetenek ve olanaklar\u0131n\u0131 peki\u015ftirme, psikolojik destek sa\u011flama ve topluma yeniden kazand\u0131rmay\u0131 ama\u00e7l\u0131yor.<\/p>\n<p>Proje koordinat\u00f6r\u00fc Emine \u015eeref yapt\u0131\u011f\u0131 a\u00e7\u0131klamada; ayn\u0131 zamanda gen\u00e7leri de kapsayan bu projede psikolojik destek ve \u00e7al\u0131\u015fman\u0131n temel ilkelerine odaklan\u0131lan etkinlikte farkl\u0131 t\u00fcr faaliyetlerin de y\u00fcr\u00fct\u00fcld\u00fc\u011f\u00fcn\u00fc s\u00f6yledi.<\/p>\n<p>\u015eeref Kafeterya Projesinde ise \u00f6zellikle engelli \u00e7ocuklar\u0131n i\u015f olanaklar\u0131n\u0131 geli\u015ftirme ama\u00e7l\u0131 faaliyetler y\u00fcr\u00fct\u00fcld\u00fc\u011f\u00fcn\u00fc kaydetti.<\/p>\n<p>\u015eehit \u00c7ocuklar\u0131 K\u00f6y\u00fc Projesi konusunda ise \u015eeref; \u015fehit \u00e7ocuklar\u0131na sosyal destek temin etmeyi ama\u00e7lad\u0131klar\u0131n\u0131 s\u00f6yledi.<\/p>\n<p>\u015eeref Tiyatro Projesinde de \u00f6zellikle kimsesiz \u00e7ocuklara odaklan\u0131ld\u0131\u011f\u0131n\u0131, bu \u00e7al\u0131\u015fmalarda \u00e7ocuklar\u0131n kendilerini ifade etmeleri ve topluma yeniden kazand\u0131r\u0131lmalar\u0131n\u0131n ama\u00e7land\u0131\u011f\u0131n\u0131 belirtti.<\/p>\n<div id='gallery-1' class='gallery galleryid-153401 gallery-columns-1 gallery-size-large'><figure class='gallery-item'>\n\t\t\t<div class='gallery-icon landscape'>\n\t\t\t\t<a href='https:\/\/archive.sana.sy\/tr\/wp-content\/uploads\/2018\/07\/\u015eam.jpg-1.jpg'><img loading=\"lazy\" decoding=\"async\" width=\"618\" height=\"346\" src=\"https:\/\/archive.sana.sy\/tr\/wp-content\/uploads\/2018\/07\/\u015eam.jpg-1.jpg\" class=\"attachment-large size-large\" alt=\"\" srcset=\"https:\/\/archive.sana.sy\/tr\/wp-content\/uploads\/2018\/07\/\u015eam.jpg-1.jpg 660w, https:\/\/archive.sana.sy\/tr\/wp-content\/uploads\/2018\/07\/\u015eam.jpg-1-150x84.jpg 150w, https:\/\/archive.sana.sy\/tr\/wp-content\/uploads\/2018\/07\/\u015eam.jpg-1-300x168.jpg 300w\" sizes=\"auto, (max-width: 618px) 100vw, 618px\" \/><\/a>\n\t\t\t<\/div><\/figure><figure class='gallery-item'>\n\t\t\t<div class='gallery-icon landscape'>\n\t\t\t\t<a href='https:\/\/archive.sana.sy\/tr\/wp-content\/uploads\/2018\/07\/\u015eam.jpg-2.jpg'><img loading=\"lazy\" decoding=\"async\" width=\"618\" height=\"346\" src=\"https:\/\/archive.sana.sy\/tr\/wp-content\/uploads\/2018\/07\/\u015eam.jpg-2.jpg\" class=\"attachment-large size-large\" alt=\"\" srcset=\"https:\/\/archive.sana.sy\/tr\/wp-content\/uploads\/2018\/07\/\u015eam.jpg-2.jpg 660w, https:\/\/archive.sana.sy\/tr\/wp-content\/uploads\/2018\/07\/\u015eam.jpg-2-150x84.jpg 150w, https:\/\/archive.sana.sy\/tr\/wp-content\/uploads\/2018\/07\/\u015eam.jpg-2-300x168.jpg 300w\" sizes=\"auto, (max-width: 618px) 100vw, 618px\" \/><\/a>\n\t\t\t<\/div><\/figure><figure class='gallery-item'>\n\t\t\t<div class='gallery-icon landscape'>\n\t\t\t\t<a href='https:\/\/archive.sana.sy\/tr\/wp-content\/uploads\/2018\/07\/\u015eam.jpg-3.jpg'><img loading=\"lazy\" decoding=\"async\" width=\"618\" height=\"346\" src=\"https:\/\/archive.sana.sy\/tr\/wp-content\/uploads\/2018\/07\/\u015eam.jpg-3.jpg\" class=\"attachment-large size-large\" alt=\"\" srcset=\"https:\/\/archive.sana.sy\/tr\/wp-content\/uploads\/2018\/07\/\u015eam.jpg-3.jpg 660w, https:\/\/archive.sana.sy\/tr\/wp-content\/uploads\/2018\/07\/\u015eam.jpg-3-150x84.jpg 150w, https:\/\/archive.sana.sy\/tr\/wp-content\/uploads\/2018\/07\/\u015eam.jpg-3-300x168.jpg 300w\" sizes=\"auto, (max-width: 618px) 100vw, 618px\" \/><\/a>\n\t\t\t<\/div><\/figure>\n\t\t<\/div>\n\n","protected":false},"excerpt":{"rendered":"<p>\u015eAM \u2013 Cuzur G\u00f6n\u00fcll\u00fc Gen\u00e7ler Ekibi \u015eam Bizi Birle\u015ftirir Festivalinin etkinlikleri kapsam\u0131nda \u015fehit \u00e7ocuklar\u0131 ve engelli \u00e7ocuklara destek ve yard\u0131m ba\u011flam\u0131nda bir dizi s\u00fcrd\u00fcr\u00fclebilir projeler ba\u015flatt\u0131. Bu projelerden biri say\u0131lan e\u011fitim \u00e7ad\u0131r\u0131nda \u015fehit \u00e7ocuklar\u0131 ve engelli \u00e7ocuklar\u0131n yetenek ve olanaklar\u0131n\u0131 peki\u015ftirme, psikolojik destek sa\u011flama ve topluma yeniden kazand\u0131rmay\u0131 ama\u00e7l\u0131yor. Proje koordinat\u00f6r\u00fc Emine \u015eeref yapt\u0131\u011f\u0131 a\u00e7\u0131klamada; &hellip;<\/p>\n","protected":false},"author":1,"featured_media":153405,"comment_status":"closed","ping_status":"closed","sticky":false,"template":"","format":"standard","meta":{"footnotes":""},"categories":[596,526,516,479,541,511,17988,525,538,478],"tags":[36708,3498,30081,36709,36168,36654,20959],"class_list":["post-153401","post","type-post","status-publish","format-standard","has-post-thumbnail","","category-fotografli-raporlar","category-haber-ve-raporlar","category-haberler-kultur-ve-sanat","category-haberler-yerel","category-haberler","category-kultur-ve-sanat","category-son-haberler","category-toplum","category-yasam","category-yerel","tag-cuzur-gonullu-gencler-ekibi","tag-egitim","tag-engelli-cocuklar","tag-projeler","tag-psikolojik","tag-sam-bizi-birlestirir-festivali","tag-sehit-cocuklari"],"_links":{"self":[{"href":"https:\/\/archive.sana.sy\/tr\/index.php?rest_route=\/wp\/v2\/posts\/153401","targetHints":{"allow":["GET"]}}],"collection":[{"href":"https:\/\/archive.sana.sy\/tr\/index.php?rest_route=\/wp\/v2\/posts"}],"about":[{"href":"https:\/\/archive.sana.sy\/tr\/index.php?rest_route=\/wp\/v2\/types\/post"}],"author":[{"embeddable":true,"href":"https:\/\/archive.sana.sy\/tr\/index.php?rest_route=\/wp\/v2\/users\/1"}],"replies":[{"embeddable":true,"href":"https:\/\/archive.sana.sy\/tr\/index.php?rest_route=%2Fwp%2Fv2%2Fcomments&post=153401"}],"version-history":[{"count":0,"href":"https:\/\/archive.sana.sy\/tr\/index.php?rest_route=\/wp\/v2\/posts\/153401\/revisions"}],"wp:featuredmedia":[{"embeddable":true,"href":"https:\/\/archive.sana.sy\/tr\/index.php?rest_route=\/wp\/v2\/media\/153405"}],"wp:attachment":[{"href":"https:\/\/archive.sana.sy\/tr\/index.php?rest_route=%2Fwp%2Fv2%2Fmedia&parent=153401"}],"wp:term":[{"taxonomy":"category","embeddable":true,"href":"https:\/\/archive.sana.sy\/tr\/index.php?rest_route=%2Fwp%2Fv2%2Fcategories&post=153401"},{"taxonomy":"post_tag","embeddable":true,"href":"https:\/\/archive.sana.sy\/tr\/index.php?rest_route=%2Fwp%2Fv2%2Ftags&post=153401"}],"curies":[{"name":"wp","href":"https:\/\/api.w.org\/{rel}","templated":true}]}}