{"id":153618,"date":"2018-07-06T17:17:40","date_gmt":"2018-07-06T14:17:40","guid":{"rendered":"https:\/\/www.sana.sy\/tr\/?p=153618"},"modified":"2018-07-07T13:37:57","modified_gmt":"2018-07-07T10:37:57","slug":"ordu-nuayme-beldesini-terorden-kurtarip-halkinin-guvenligini-temin-etti","status":"publish","type":"post","link":"https:\/\/archive.sana.sy\/tr\/?p=153618","title":{"rendered":"Nuayme Beldesi ve Nasib S\u0131n\u0131r Kap\u0131s\u0131 Ter\u00f6rden Kurtar\u0131ld\u0131 (video)"},"content":{"rendered":"<p>DERA \u2013 Ordu birliklerimiz Dera Kentinin do\u011fu kenarlar\u0131nda yer alan Nauyme Beldesini d\u0131\u015f g\u00fc\u00e7lere tabi kiral\u0131k ter\u00f6ristlerden tamamen temizleyip belde ve halk\u0131n\u0131n g\u00fcvenli\u011fini temin etti.<\/p>\n<p>SANA\u2019n\u0131n sava\u015f muhabiri ya\u015fanan \u015fiddetli \u00e7at\u0131\u015fmalarda Nusra Cephesi ve \u00e7at\u0131s\u0131 alt\u0131ndaki ter\u00f6ristlerin be\u015feri ve ekipman a\u00e7\u0131s\u0131ndan a\u011f\u0131r kay\u0131plara u\u011frat\u0131lmalar\u0131 ard\u0131ndan sa\u011f kalan ter\u00f6ristlerin arkalar\u0131nda \u00e7ok say\u0131da ceset ve muhtelif t\u00fcr silahlar b\u0131rak\u0131p ka\u00e7t\u0131klar\u0131n\u0131 ifade etti. Ordu birliklerimizin ka\u00e7an ter\u00f6ristleri kovalad\u0131klar\u0131n\u0131 ifade eden muhabir , bir\u00e7o\u011funun ara\u00e7lar\u0131yla imha edildi\u011fini aktard\u0131.<\/p>\n<p>G\u00fcn\u00fcn ilerleyen saatlerinde ise SANA\u2019n\u0131n sava\u015f muhabiri ordu birliklerimizin Dera k\u0131rsal\u0131nda \u00dcrd\u00fcn\u2019e a\u00e7\u0131lan Nasib S\u0131n\u0131r Kap\u0131s\u0131n\u0131 kiral\u0131k ter\u00f6ristlerden kurtar\u0131p Suriye&#8217;nin \u015fanl\u0131 bayra\u011f\u0131n\u0131 s\u0131n\u0131r kap\u0131s\u0131nda g\u00f6ndere \u00e7ektiklerini belirtti.<\/p>\n<p>Ordu birliklerimizin bug\u00fcn kiral\u0131k ve radikal ter\u00f6ristlere kar\u015f\u0131 sa\u011flad\u0131klar\u0131 ba\u015far\u0131lar\u0131n stratejik bir \u00f6nem ta\u015f\u0131d\u0131\u011f\u0131n\u0131 vurgulayan muhabir; ciddi bir moral \u00e7\u00f6k\u00fc\u015f\u00fc ve panik ya\u015fayan ter\u00f6ristlere kar\u015f\u0131 operasyonlar\u0131n ba\u015far\u0131yla devam etti\u011fini aktard\u0131.<\/p>\n<p>Ordu birliklerimizin Dera ve k\u0131rsal\u0131nda 10 g\u00fcnd\u00fcr ba\u015flatm\u0131\u015f olduklar\u0131 nitelikli operasyonlarda bir\u00e7ok belde ve k\u00f6y\u00fc ter\u00f6rden kurtar\u0131rlarken, bir\u00e7ok belde ve k\u00f6y deki silahl\u0131lar da tek \u00e7are olarak silahlar\u0131n\u0131 teslim edip uzla\u015fmaya kat\u0131ld\u0131lar.<\/p>\n<p>https:\/\/www.youtube.com\/watch?v=WcGi_yeXpBo<\/p>\n","protected":false},"excerpt":{"rendered":"<p>DERA \u2013 Ordu birliklerimiz Dera Kentinin do\u011fu kenarlar\u0131nda yer alan Nauyme Beldesini d\u0131\u015f g\u00fc\u00e7lere tabi kiral\u0131k ter\u00f6ristlerden tamamen temizleyip belde ve halk\u0131n\u0131n g\u00fcvenli\u011fini temin etti. SANA\u2019n\u0131n sava\u015f muhabiri ya\u015fanan \u015fiddetli \u00e7at\u0131\u015fmalarda Nusra Cephesi ve \u00e7at\u0131s\u0131 alt\u0131ndaki ter\u00f6ristlerin be\u015feri ve ekipman a\u00e7\u0131s\u0131ndan a\u011f\u0131r kay\u0131plara u\u011frat\u0131lmalar\u0131 ard\u0131ndan sa\u011f kalan ter\u00f6ristlerin arkalar\u0131nda \u00e7ok say\u0131da ceset ve muhtelif t\u00fcr &hellip;<\/p>\n","protected":false},"author":1,"featured_media":153697,"comment_status":"closed","ping_status":"closed","sticky":false,"template":"","format":"standard","meta":{"footnotes":""},"categories":[479,575,17988,478],"tags":[36761,36762,2695,2930,36778],"class_list":["post-153618","post","type-post","status-publish","format-standard","has-post-thumbnail","","category-haberler-yerel","category-olaylar-ve-gercekler","category-son-haberler","category-yerel","tag-dera-kentinin-dogu-kenarlari","tag-nauyme-beldesi","tag-ordu-birliklerimiz","tag-teroristler","tag-urdune-acilan-nasib-sinir-kapisi"],"_links":{"self":[{"href":"https:\/\/archive.sana.sy\/tr\/index.php?rest_route=\/wp\/v2\/posts\/153618","targetHints":{"allow":["GET"]}}],"collection":[{"href":"https:\/\/archive.sana.sy\/tr\/index.php?rest_route=\/wp\/v2\/posts"}],"about":[{"href":"https:\/\/archive.sana.sy\/tr\/index.php?rest_route=\/wp\/v2\/types\/post"}],"author":[{"embeddable":true,"href":"https:\/\/archive.sana.sy\/tr\/index.php?rest_route=\/wp\/v2\/users\/1"}],"replies":[{"embeddable":true,"href":"https:\/\/archive.sana.sy\/tr\/index.php?rest_route=%2Fwp%2Fv2%2Fcomments&post=153618"}],"version-history":[{"count":0,"href":"https:\/\/archive.sana.sy\/tr\/index.php?rest_route=\/wp\/v2\/posts\/153618\/revisions"}],"wp:featuredmedia":[{"embeddable":true,"href":"https:\/\/archive.sana.sy\/tr\/index.php?rest_route=\/wp\/v2\/media\/153697"}],"wp:attachment":[{"href":"https:\/\/archive.sana.sy\/tr\/index.php?rest_route=%2Fwp%2Fv2%2Fmedia&parent=153618"}],"wp:term":[{"taxonomy":"category","embeddable":true,"href":"https:\/\/archive.sana.sy\/tr\/index.php?rest_route=%2Fwp%2Fv2%2Fcategories&post=153618"},{"taxonomy":"post_tag","embeddable":true,"href":"https:\/\/archive.sana.sy\/tr\/index.php?rest_route=%2Fwp%2Fv2%2Ftags&post=153618"}],"curies":[{"name":"wp","href":"https:\/\/api.w.org\/{rel}","templated":true}]}}