{"id":153666,"date":"2018-07-06T15:59:30","date_gmt":"2018-07-06T12:59:30","guid":{"rendered":"https:\/\/www.sana.sy\/tr\/?p=153666"},"modified":"2018-07-07T14:39:38","modified_gmt":"2018-07-07T11:39:38","slug":"patrik-dogu-gutada-ibadet-yerlerine-verilen-hasari-inceledi","status":"publish","type":"post","link":"https:\/\/archive.sana.sy\/tr\/?p=153666","title":{"rendered":"Patrik Do\u011fu \u011euta\u2019da \u0130badet Yerlerine Verilen Hasar\u0131 \u0130nceledi"},"content":{"rendered":"<p>\u015eAM KIRSALI \u2013 Antakya ve T\u00fcm Do\u011fu Rum Ortodokslar Patri\u011fi X. Yuhanna Yaz\u0131c\u0131 Suriyelilerin M\u00fcsl\u00fcman&#8217;\u0131 ve H\u0131ristiyan&#8217;\u0131 ile tek bir aile olduklar\u0131n\u0131 ifade ederken, birlik beraberlik i\u00e7inde vatanlar\u0131na tutunup ter\u00f6r ve destek\u00e7ilerine kar\u015f\u0131 m\u00fccadele edeceklerini vurgulad\u0131.<\/p>\n<p><a href=\"https:\/\/www.sana.sy\/tr\/wp-content\/uploads\/2018\/07\/2-28.jpg\"><img loading=\"lazy\" decoding=\"async\" class=\"alignright wp-image-153668 size-medium\" src=\"https:\/\/www.sana.sy\/tr\/wp-content\/uploads\/2018\/07\/2-28-300x168.jpg\" alt=\"\" width=\"300\" height=\"168\" srcset=\"https:\/\/archive.sana.sy\/tr\/wp-content\/uploads\/2018\/07\/2-28-300x168.jpg 300w, https:\/\/archive.sana.sy\/tr\/wp-content\/uploads\/2018\/07\/2-28-150x84.jpg 150w, https:\/\/archive.sana.sy\/tr\/wp-content\/uploads\/2018\/07\/2-28.jpg 660w\" sizes=\"auto, (max-width: 300px) 100vw, 300px\" \/><\/a>\u015eam k\u0131rsal\u0131 Do\u011fu \u011euta\u2019n\u0131n Irbin Beldesinde kilise ve b\u00fcy\u00fck caminin yan\u0131 s\u0131ra Haresta Kentinde de kilise ve camiyi ziyaret eden Patrik Yaz\u0131c\u0131, yabanc\u0131 devletlerin rejimlerine hizmet eden kiral\u0131k ter\u00f6ristlerin ibadet yerlerine verdikleri hasar\u0131 inceledi.<\/p>\n<p>Bu arada kiral\u0131k ve radikal ter\u00f6ristlerin Do\u011fu \u011euta\u2019dan yok edilmeden \u00f6nce M\u00fcsl\u00fcman ve H\u0131r\u0131sitiyan t\u00fcm ibadet yerlerini ya\u011fmalay\u0131p b\u00fcy\u00fck hasarlar verdiler.<\/p>\n","protected":false},"excerpt":{"rendered":"<p>\u015eAM KIRSALI \u2013 Antakya ve T\u00fcm Do\u011fu Rum Ortodokslar Patri\u011fi X. Yuhanna Yaz\u0131c\u0131 Suriyelilerin M\u00fcsl\u00fcman&#8217;\u0131 ve H\u0131ristiyan&#8217;\u0131 ile tek bir aile olduklar\u0131n\u0131 ifade ederken, birlik beraberlik i\u00e7inde vatanlar\u0131na tutunup ter\u00f6r ve destek\u00e7ilerine kar\u015f\u0131 m\u00fccadele edeceklerini vurgulad\u0131. \u015eam k\u0131rsal\u0131 Do\u011fu \u011euta\u2019n\u0131n Irbin Beldesinde kilise ve b\u00fcy\u00fck caminin yan\u0131 s\u0131ra Haresta Kentinde de kilise ve camiyi ziyaret &hellip;<\/p>\n","protected":false},"author":1,"featured_media":153667,"comment_status":"closed","ping_status":"closed","sticky":false,"template":"","format":"standard","meta":{"footnotes":""},"categories":[479,17988,478],"tags":[22322,17322,36767,34272,2297,22181,2442,36768],"class_list":["post-153666","post","type-post","status-publish","format-standard","has-post-thumbnail","","category-haberler-yerel","category-son-haberler","category-yerel","tag-antakya-ve-tum-dogu-rum-ortodokslar-patrigi-x-yuhanna-yazici","tag-dogu-guta","tag-hirisitiyan","tag-musluman","tag-sam-kirsali","tag-suriyeliler","tag-teror","tag-vatanlar"],"_links":{"self":[{"href":"https:\/\/archive.sana.sy\/tr\/index.php?rest_route=\/wp\/v2\/posts\/153666","targetHints":{"allow":["GET"]}}],"collection":[{"href":"https:\/\/archive.sana.sy\/tr\/index.php?rest_route=\/wp\/v2\/posts"}],"about":[{"href":"https:\/\/archive.sana.sy\/tr\/index.php?rest_route=\/wp\/v2\/types\/post"}],"author":[{"embeddable":true,"href":"https:\/\/archive.sana.sy\/tr\/index.php?rest_route=\/wp\/v2\/users\/1"}],"replies":[{"embeddable":true,"href":"https:\/\/archive.sana.sy\/tr\/index.php?rest_route=%2Fwp%2Fv2%2Fcomments&post=153666"}],"version-history":[{"count":0,"href":"https:\/\/archive.sana.sy\/tr\/index.php?rest_route=\/wp\/v2\/posts\/153666\/revisions"}],"wp:featuredmedia":[{"embeddable":true,"href":"https:\/\/archive.sana.sy\/tr\/index.php?rest_route=\/wp\/v2\/media\/153667"}],"wp:attachment":[{"href":"https:\/\/archive.sana.sy\/tr\/index.php?rest_route=%2Fwp%2Fv2%2Fmedia&parent=153666"}],"wp:term":[{"taxonomy":"category","embeddable":true,"href":"https:\/\/archive.sana.sy\/tr\/index.php?rest_route=%2Fwp%2Fv2%2Fcategories&post=153666"},{"taxonomy":"post_tag","embeddable":true,"href":"https:\/\/archive.sana.sy\/tr\/index.php?rest_route=%2Fwp%2Fv2%2Ftags&post=153666"}],"curies":[{"name":"wp","href":"https:\/\/api.w.org\/{rel}","templated":true}]}}