{"id":153687,"date":"2018-07-06T16:25:04","date_gmt":"2018-07-06T13:25:04","guid":{"rendered":"https:\/\/www.sana.sy\/tr\/?p=153687"},"modified":"2018-07-06T16:25:04","modified_gmt":"2018-07-06T13:25:04","slug":"sananin-savas-muhabiri-ordu-birliklerimizin-dera-kirsalinda-urdune-acilan-nasib-sinir-kapisini-kiralik-teroristlerden-kurtarip-suriyenin-sanli-bayragini-sinir-kapisinda-gondere-cek","status":"publish","type":"post","link":"https:\/\/archive.sana.sy\/tr\/?p=153687","title":{"rendered":"SANA\u2019n\u0131n sava\u015f muhabiri ordu birliklerimizin Dera k\u0131rsal\u0131nda \u00dcrd\u00fcn\u2019e a\u00e7\u0131lan Nasib S\u0131n\u0131r Kap\u0131s\u0131n\u0131 kiral\u0131k ter\u00f6ristlerden kurtar\u0131p Suriye&#8217;nin \u015fanl\u0131 bayra\u011f\u0131n\u0131 s\u0131n\u0131r kap\u0131s\u0131nda g\u00f6ndere \u00e7ektiklerini belirtti\u200f"},"content":{"rendered":"<p>SANA\u2019n\u0131n sava\u015f muhabiri ordu birliklerimizin Dera k\u0131rsal\u0131nda \u00dcrd\u00fcn\u2019e a\u00e7\u0131lan Nasib S\u0131n\u0131r Kap\u0131s\u0131n\u0131 kiral\u0131k ter\u00f6ristlerden kurtar\u0131p Suriye&#8217;nin \u015fanl\u0131 bayra\u011f\u0131n\u0131 s\u0131n\u0131r kap\u0131s\u0131nda g\u00f6ndere \u00e7ektiklerini belirtti\u200f<\/p>\n","protected":false},"excerpt":{"rendered":"<p>SANA\u2019n\u0131n sava\u015f muhabiri ordu birliklerimizin Dera k\u0131rsal\u0131nda \u00dcrd\u00fcn\u2019e a\u00e7\u0131lan Nasib S\u0131n\u0131r Kap\u0131s\u0131n\u0131 kiral\u0131k ter\u00f6ristlerden kurtar\u0131p Suriye&#8217;nin \u015fanl\u0131 bayra\u011f\u0131n\u0131 s\u0131n\u0131r kap\u0131s\u0131nda g\u00f6ndere \u00e7ektiklerini belirtti\u200f<\/p>\n","protected":false},"author":1,"featured_media":0,"comment_status":"closed","ping_status":"closed","sticky":false,"template":"","format":"standard","meta":{"footnotes":""},"categories":[17991],"tags":[],"class_list":["post-153687","post","type-post","status-publish","format-standard","","category-son-dakika"],"_links":{"self":[{"href":"https:\/\/archive.sana.sy\/tr\/index.php?rest_route=\/wp\/v2\/posts\/153687","targetHints":{"allow":["GET"]}}],"collection":[{"href":"https:\/\/archive.sana.sy\/tr\/index.php?rest_route=\/wp\/v2\/posts"}],"about":[{"href":"https:\/\/archive.sana.sy\/tr\/index.php?rest_route=\/wp\/v2\/types\/post"}],"author":[{"embeddable":true,"href":"https:\/\/archive.sana.sy\/tr\/index.php?rest_route=\/wp\/v2\/users\/1"}],"replies":[{"embeddable":true,"href":"https:\/\/archive.sana.sy\/tr\/index.php?rest_route=%2Fwp%2Fv2%2Fcomments&post=153687"}],"version-history":[{"count":0,"href":"https:\/\/archive.sana.sy\/tr\/index.php?rest_route=\/wp\/v2\/posts\/153687\/revisions"}],"wp:attachment":[{"href":"https:\/\/archive.sana.sy\/tr\/index.php?rest_route=%2Fwp%2Fv2%2Fmedia&parent=153687"}],"wp:term":[{"taxonomy":"category","embeddable":true,"href":"https:\/\/archive.sana.sy\/tr\/index.php?rest_route=%2Fwp%2Fv2%2Fcategories&post=153687"},{"taxonomy":"post_tag","embeddable":true,"href":"https:\/\/archive.sana.sy\/tr\/index.php?rest_route=%2Fwp%2Fv2%2Ftags&post=153687"}],"curies":[{"name":"wp","href":"https:\/\/api.w.org\/{rel}","templated":true}]}}