{"id":153695,"date":"2018-07-07T12:13:47","date_gmt":"2018-07-07T09:13:47","guid":{"rendered":"https:\/\/www.sana.sy\/tr\/?p=153695"},"modified":"2018-07-07T12:13:47","modified_gmt":"2018-07-07T09:13:47","slug":"ordu-birliklerimiz-dera-kirsalinin-dogusunda-teroristlerin-en-onemli-karargahlarindan-biri-sayilan-nuayme-beldesini-kurtarip-halkinin-guvenligini-sagladi","status":"publish","type":"post","link":"https:\/\/archive.sana.sy\/tr\/?p=153695","title":{"rendered":"Ordu birliklerimiz Dera k\u0131rsal\u0131n\u0131n do\u011fusunda ter\u00f6ristlerin en \u00f6nemli karargahlar\u0131ndan biri say\u0131lan Nuayme Beldesini kurtar\u0131p halk\u0131n\u0131n g\u00fcvenli\u011fini sa\u011flad\u0131"},"content":{"rendered":"<p>Ordu birliklerimiz Dera k\u0131rsal\u0131n\u0131n do\u011fusunda ter\u00f6ristlerin en \u00f6nemli karargahlar\u0131ndan biri say\u0131lan Nuayme Beldesini kurtar\u0131p halk\u0131n\u0131n g\u00fcvenli\u011fini sa\u011flad\u0131<\/p>\n<p>https:\/\/www.youtube.com\/watch?v=WcGi_yeXpBo<\/p>\n","protected":false},"excerpt":{"rendered":"<p>Ordu birliklerimiz Dera k\u0131rsal\u0131n\u0131n do\u011fusunda ter\u00f6ristlerin en \u00f6nemli karargahlar\u0131ndan biri say\u0131lan Nuayme Beldesini kurtar\u0131p halk\u0131n\u0131n g\u00fcvenli\u011fini sa\u011flad\u0131 https:\/\/www.youtube.com\/watch?v=WcGi_yeXpBo<\/p>\n","protected":false},"author":1,"featured_media":153699,"comment_status":"closed","ping_status":"closed","sticky":false,"template":"","format":"standard","meta":{"footnotes":""},"categories":[18295],"tags":[30790,1295,16591,11549,19034,22181],"class_list":["post-153695","post","type-post","status-publish","format-standard","has-post-thumbnail","","category-sana-video","tag-dara","tag-dera","tag-suriye","tag-suriye-ordusu","tag-suriyeli-muhalifler","tag-suriyeliler"],"_links":{"self":[{"href":"https:\/\/archive.sana.sy\/tr\/index.php?rest_route=\/wp\/v2\/posts\/153695","targetHints":{"allow":["GET"]}}],"collection":[{"href":"https:\/\/archive.sana.sy\/tr\/index.php?rest_route=\/wp\/v2\/posts"}],"about":[{"href":"https:\/\/archive.sana.sy\/tr\/index.php?rest_route=\/wp\/v2\/types\/post"}],"author":[{"embeddable":true,"href":"https:\/\/archive.sana.sy\/tr\/index.php?rest_route=\/wp\/v2\/users\/1"}],"replies":[{"embeddable":true,"href":"https:\/\/archive.sana.sy\/tr\/index.php?rest_route=%2Fwp%2Fv2%2Fcomments&post=153695"}],"version-history":[{"count":0,"href":"https:\/\/archive.sana.sy\/tr\/index.php?rest_route=\/wp\/v2\/posts\/153695\/revisions"}],"wp:featuredmedia":[{"embeddable":true,"href":"https:\/\/archive.sana.sy\/tr\/index.php?rest_route=\/wp\/v2\/media\/153699"}],"wp:attachment":[{"href":"https:\/\/archive.sana.sy\/tr\/index.php?rest_route=%2Fwp%2Fv2%2Fmedia&parent=153695"}],"wp:term":[{"taxonomy":"category","embeddable":true,"href":"https:\/\/archive.sana.sy\/tr\/index.php?rest_route=%2Fwp%2Fv2%2Fcategories&post=153695"},{"taxonomy":"post_tag","embeddable":true,"href":"https:\/\/archive.sana.sy\/tr\/index.php?rest_route=%2Fwp%2Fv2%2Ftags&post=153695"}],"curies":[{"name":"wp","href":"https:\/\/api.w.org\/{rel}","templated":true}]}}