{"id":153696,"date":"2018-07-07T12:26:37","date_gmt":"2018-07-07T09:26:37","guid":{"rendered":"https:\/\/www.sana.sy\/tr\/?p=153696"},"modified":"2018-07-08T14:29:41","modified_gmt":"2018-07-08T11:29:41","slug":"teroristlerin-hastanesinde-buyuk-miktarda-yabanci-ilaclar-ele-gecirildi-video","status":"publish","type":"post","link":"https:\/\/archive.sana.sy\/tr\/?p=153696","title":{"rendered":"Ter\u00f6ristlerin Hastanesinde B\u00fcy\u00fck Miktarda Yabanc\u0131 \u0130la\u00e7lar Ele Ge\u00e7irildi (video)"},"content":{"rendered":"<p>DERA \u2013 Dera k\u0131rsal\u0131n\u0131n do\u011fusunda kiral\u0131k radikal ter\u00f6ristlerin en b\u00fcy\u00fck karargah\u0131 say\u0131lan Nuayme Beldesini kurtar\u0131p halk\u0131n\u0131n g\u00fcvenli\u011fini temin eden ordu birliklerimiz beldede ter\u00f6ristlerin yok edilmeden \u00f6nce kulland\u0131klar\u0131 sahra hastanesi ve b\u00fcy\u00fck ila\u00e7 depoalar\u0131n\u0131 ele ge\u00e7irdi.<\/p>\n<p><a href=\"https:\/\/www.sana.sy\/tr\/wp-content\/uploads\/2018\/07\/2-29.jpg\"><img loading=\"lazy\" decoding=\"async\" class=\"alignright wp-image-153706 size-medium\" src=\"https:\/\/www.sana.sy\/tr\/wp-content\/uploads\/2018\/07\/2-29-300x225.jpg\" alt=\"\" width=\"300\" height=\"225\" srcset=\"https:\/\/archive.sana.sy\/tr\/wp-content\/uploads\/2018\/07\/2-29-300x225.jpg 300w, https:\/\/archive.sana.sy\/tr\/wp-content\/uploads\/2018\/07\/2-29-150x113.jpg 150w, https:\/\/archive.sana.sy\/tr\/wp-content\/uploads\/2018\/07\/2-29-768x576.jpg 768w, https:\/\/archive.sana.sy\/tr\/wp-content\/uploads\/2018\/07\/2-29-1024x768.jpg 1024w, https:\/\/archive.sana.sy\/tr\/wp-content\/uploads\/2018\/07\/2-29.jpg 1280w\" sizes=\"auto, (max-width: 300px) 100vw, 300px\" \/><\/a>Askeri bir kaynak beldede ter\u00f6ristlerin \u00f6zel ve kamu m\u00fclklere yerle\u015ftirdikleri bomba d\u00fczenekleri ve may\u0131nlar\u0131 temizleyip halk\u0131n g\u00fcvenli\u011fini sa\u011flama ama\u00e7l\u0131 arama tarama operasyonlar\u0131 s\u0131ras\u0131nda ter\u00f6ristlere ait b\u00fcy\u00fck bir sahra hastanesinin yan\u0131 s\u0131ra b\u00fcy\u00fck miktarda ila\u00e7lar\u0131n sakland\u0131\u011f\u0131 depolar bulundu\u011funu a\u00e7\u0131klad\u0131.<\/p>\n<p>Kaynak depolarda bulunan ila\u00e7lar\u0131n b\u00fcy\u00fck \u00e7o\u011funlu\u011funun \u00dcrd\u00fcn s\u0131n\u0131rlar\u0131 \u00fczerinden yasa d\u0131\u015f\u0131 yollarla girmi\u015f olup Birle\u015fim Arap Emirlikleri ve \u0130spanya men\u015feli olduklar\u0131na vurdu yapt\u0131.<\/p>\n<p>Sahra hastanesinin ise gerekli t\u0131bbi ameliyat ve acil m\u00fcdahale i\u00e7in gerekli t\u00fcm geli\u015fmi\u015f cihazlarla donat\u0131lm\u0131\u015f oldu\u011funa dikkat \u00e7eken kaynak, t\u0131bbi cihazlar\u0131n yine \u00dcrd\u00fcn s\u0131n\u0131rlar\u0131 \u00fczerinden yasa d\u0131\u015f\u0131 yollarla giren Bat\u0131 men\u015feli cihazlar oldu\u011funu kaydetti.<\/p>\n<div id='gallery-1' class='gallery galleryid-153696 gallery-columns-1 gallery-size-full'><figure class='gallery-item'>\n\t\t\t<div class='gallery-icon landscape'>\n\t\t\t\t<a href='https:\/\/archive.sana.sy\/tr\/wp-content\/uploads\/2018\/07\/3-20.jpg'><img loading=\"lazy\" decoding=\"async\" width=\"660\" height=\"495\" src=\"https:\/\/archive.sana.sy\/tr\/wp-content\/uploads\/2018\/07\/3-20.jpg\" class=\"attachment-full size-full\" alt=\"\" srcset=\"https:\/\/archive.sana.sy\/tr\/wp-content\/uploads\/2018\/07\/3-20.jpg 660w, https:\/\/archive.sana.sy\/tr\/wp-content\/uploads\/2018\/07\/3-20-150x113.jpg 150w, https:\/\/archive.sana.sy\/tr\/wp-content\/uploads\/2018\/07\/3-20-300x225.jpg 300w\" sizes=\"auto, (max-width: 660px) 100vw, 660px\" \/><\/a>\n\t\t\t<\/div><\/figure><figure class='gallery-item'>\n\t\t\t<div class='gallery-icon landscape'>\n\t\t\t\t<a href='https:\/\/archive.sana.sy\/tr\/wp-content\/uploads\/2018\/07\/4-15.jpg'><img loading=\"lazy\" decoding=\"async\" width=\"660\" height=\"495\" src=\"https:\/\/archive.sana.sy\/tr\/wp-content\/uploads\/2018\/07\/4-15.jpg\" class=\"attachment-full size-full\" alt=\"\" srcset=\"https:\/\/archive.sana.sy\/tr\/wp-content\/uploads\/2018\/07\/4-15.jpg 660w, https:\/\/archive.sana.sy\/tr\/wp-content\/uploads\/2018\/07\/4-15-150x113.jpg 150w, https:\/\/archive.sana.sy\/tr\/wp-content\/uploads\/2018\/07\/4-15-300x225.jpg 300w\" sizes=\"auto, (max-width: 660px) 100vw, 660px\" \/><\/a>\n\t\t\t<\/div><\/figure>\n\t\t<\/div>\n\n<p>https:\/\/www.youtube.com\/watch?v=TQg0sNkVz4w<\/p>\n","protected":false},"excerpt":{"rendered":"<p>DERA \u2013 Dera k\u0131rsal\u0131n\u0131n do\u011fusunda kiral\u0131k radikal ter\u00f6ristlerin en b\u00fcy\u00fck karargah\u0131 say\u0131lan Nuayme Beldesini kurtar\u0131p halk\u0131n\u0131n g\u00fcvenli\u011fini temin eden ordu birliklerimiz beldede ter\u00f6ristlerin yok edilmeden \u00f6nce kulland\u0131klar\u0131 sahra hastanesi ve b\u00fcy\u00fck ila\u00e7 depoalar\u0131n\u0131 ele ge\u00e7irdi. Askeri bir kaynak beldede ter\u00f6ristlerin \u00f6zel ve kamu m\u00fclklere yerle\u015ftirdikleri bomba d\u00fczenekleri ve may\u0131nlar\u0131 temizleyip halk\u0131n g\u00fcvenli\u011fini sa\u011flama ama\u00e7l\u0131 arama &hellip;<\/p>\n","protected":false},"author":1,"featured_media":153705,"comment_status":"closed","ping_status":"closed","sticky":false,"template":"","format":"standard","meta":{"footnotes":""},"categories":[479,575,17988,478],"tags":[30790,1295,36781,18674,16591,11549,19034,22181,36780],"class_list":["post-153696","post","type-post","status-publish","format-standard","has-post-thumbnail","","category-haberler-yerel","category-olaylar-ve-gercekler","category-son-haberler","category-yerel","tag-dara","tag-dera","tag-ilac-deposu","tag-silahli-muhalifler","tag-suriye","tag-suriye-ordusu","tag-suriyeli-muhalifler","tag-suriyeliler","tag-teror-hastanesi"],"_links":{"self":[{"href":"https:\/\/archive.sana.sy\/tr\/index.php?rest_route=\/wp\/v2\/posts\/153696","targetHints":{"allow":["GET"]}}],"collection":[{"href":"https:\/\/archive.sana.sy\/tr\/index.php?rest_route=\/wp\/v2\/posts"}],"about":[{"href":"https:\/\/archive.sana.sy\/tr\/index.php?rest_route=\/wp\/v2\/types\/post"}],"author":[{"embeddable":true,"href":"https:\/\/archive.sana.sy\/tr\/index.php?rest_route=\/wp\/v2\/users\/1"}],"replies":[{"embeddable":true,"href":"https:\/\/archive.sana.sy\/tr\/index.php?rest_route=%2Fwp%2Fv2%2Fcomments&post=153696"}],"version-history":[{"count":0,"href":"https:\/\/archive.sana.sy\/tr\/index.php?rest_route=\/wp\/v2\/posts\/153696\/revisions"}],"wp:featuredmedia":[{"embeddable":true,"href":"https:\/\/archive.sana.sy\/tr\/index.php?rest_route=\/wp\/v2\/media\/153705"}],"wp:attachment":[{"href":"https:\/\/archive.sana.sy\/tr\/index.php?rest_route=%2Fwp%2Fv2%2Fmedia&parent=153696"}],"wp:term":[{"taxonomy":"category","embeddable":true,"href":"https:\/\/archive.sana.sy\/tr\/index.php?rest_route=%2Fwp%2Fv2%2Fcategories&post=153696"},{"taxonomy":"post_tag","embeddable":true,"href":"https:\/\/archive.sana.sy\/tr\/index.php?rest_route=%2Fwp%2Fv2%2Ftags&post=153696"}],"curies":[{"name":"wp","href":"https:\/\/api.w.org\/{rel}","templated":true}]}}