{"id":153701,"date":"2018-07-07T12:16:09","date_gmt":"2018-07-07T09:16:09","guid":{"rendered":"https:\/\/www.sana.sy\/tr\/?p=153701"},"modified":"2018-07-07T12:16:09","modified_gmt":"2018-07-07T09:16:09","slug":"ordu-birliklerimiz-dera-kirsalinin-dogusunda-kiralik-teroristlerin-yok-edilmeden-once-kullandiklari-buyuk-bir-sahra-hastanesi-ele-gecirdi","status":"publish","type":"post","link":"https:\/\/archive.sana.sy\/tr\/?p=153701","title":{"rendered":"Ordu birliklerimiz Dera k\u0131rsal\u0131n\u0131n do\u011fusunda kiral\u0131k ter\u00f6ristlerin yok edilmeden \u00f6nce kulland\u0131klar\u0131 b\u00fcy\u00fck bir sahra hastanesi ele ge\u00e7irdi"},"content":{"rendered":"<p>Ordu birliklerimiz Dera k\u0131rsal\u0131n\u0131n do\u011fusunda kiral\u0131k ter\u00f6ristlerin yok edilmeden \u00f6nce kulland\u0131klar\u0131 b\u00fcy\u00fck bir sahra hastanesi ele ge\u00e7irdi<\/p>\n<p>https:\/\/www.youtube.com\/watch?v=TQg0sNkVz4w<\/p>\n","protected":false},"excerpt":{"rendered":"<p>Ordu birliklerimiz Dera k\u0131rsal\u0131n\u0131n do\u011fusunda kiral\u0131k ter\u00f6ristlerin yok edilmeden \u00f6nce kulland\u0131klar\u0131 b\u00fcy\u00fck bir sahra hastanesi ele ge\u00e7irdi https:\/\/www.youtube.com\/watch?v=TQg0sNkVz4w<\/p>\n","protected":false},"author":1,"featured_media":153702,"comment_status":"closed","ping_status":"closed","sticky":false,"template":"","format":"standard","meta":{"footnotes":""},"categories":[18295],"tags":[30790,1295,36779,18674,16591,11549,19034,22181,36780],"class_list":["post-153701","post","type-post","status-publish","format-standard","has-post-thumbnail","","category-sana-video","tag-dara","tag-dera","tag-sahra-hastanesi","tag-silahli-muhalifler","tag-suriye","tag-suriye-ordusu","tag-suriyeli-muhalifler","tag-suriyeliler","tag-teror-hastanesi"],"_links":{"self":[{"href":"https:\/\/archive.sana.sy\/tr\/index.php?rest_route=\/wp\/v2\/posts\/153701","targetHints":{"allow":["GET"]}}],"collection":[{"href":"https:\/\/archive.sana.sy\/tr\/index.php?rest_route=\/wp\/v2\/posts"}],"about":[{"href":"https:\/\/archive.sana.sy\/tr\/index.php?rest_route=\/wp\/v2\/types\/post"}],"author":[{"embeddable":true,"href":"https:\/\/archive.sana.sy\/tr\/index.php?rest_route=\/wp\/v2\/users\/1"}],"replies":[{"embeddable":true,"href":"https:\/\/archive.sana.sy\/tr\/index.php?rest_route=%2Fwp%2Fv2%2Fcomments&post=153701"}],"version-history":[{"count":0,"href":"https:\/\/archive.sana.sy\/tr\/index.php?rest_route=\/wp\/v2\/posts\/153701\/revisions"}],"wp:featuredmedia":[{"embeddable":true,"href":"https:\/\/archive.sana.sy\/tr\/index.php?rest_route=\/wp\/v2\/media\/153702"}],"wp:attachment":[{"href":"https:\/\/archive.sana.sy\/tr\/index.php?rest_route=%2Fwp%2Fv2%2Fmedia&parent=153701"}],"wp:term":[{"taxonomy":"category","embeddable":true,"href":"https:\/\/archive.sana.sy\/tr\/index.php?rest_route=%2Fwp%2Fv2%2Fcategories&post=153701"},{"taxonomy":"post_tag","embeddable":true,"href":"https:\/\/archive.sana.sy\/tr\/index.php?rest_route=%2Fwp%2Fv2%2Ftags&post=153701"}],"curies":[{"name":"wp","href":"https:\/\/api.w.org\/{rel}","templated":true}]}}