{"id":153717,"date":"2018-07-06T22:39:55","date_gmt":"2018-07-06T19:39:55","guid":{"rendered":"https:\/\/www.sana.sy\/tr\/?p=153717"},"modified":"2018-07-07T14:40:52","modified_gmt":"2018-07-07T11:40:52","slug":"kunaytra-kirsalinda-nusra-cephesinin-saldirisi-cokertildi","status":"publish","type":"post","link":"https:\/\/archive.sana.sy\/tr\/?p=153717","title":{"rendered":"Kunaytra K\u0131rsal\u0131nda Nusra Cephesinin Sald\u0131r\u0131s\u0131 \u00c7\u00f6kertildi"},"content":{"rendered":"<p>KUNAYTRA \u2013 Ordu birliklerimiz Kunaytra\u2019da Baas Kenti yak\u0131nlar\u0131nda askeri bir mevkie sald\u0131rmaya \u00e7al\u0131\u015fan Nusra Cephesine ba\u015far\u0131yla kar\u015f\u0131 koyarak sald\u0131rganlar\u0131n \u00e7o\u011funu \u00f6l\u00fc yaral\u0131 d\u00fc\u015f\u00fcrd\u00fc.<\/p>\n<p>SANA muhabiri Kunaytra\u2019da \u0130srail\u2019e tabili\u011fi ile bilinen Nusra Cephesinden ter\u00f6ristlerin askeri noktaya sald\u0131rd\u0131klar\u0131n\u0131 aktard\u0131. Muhabir ya\u015fanan \u015fiddetli \u00e7at\u0131\u015fmada sald\u0131rgan ter\u00f6ristlerin b\u00fcy\u00fck \u00e7o\u011funlu\u011funun \u00f6l\u00fc yaral\u0131 d\u00fc\u015f\u00fcr\u00fclmeleriyle sald\u0131r\u0131n\u0131n \u00e7\u00f6kertildi\u011fini belirtti.<\/p>\n<p>\u0130srail \u00e7eteleri radikal ter\u00f6r \u00f6rg\u00fct\u00fc Nusra Cephesi g\u00fcn\u00fcn erken saatlerinde Baas Kenti ve Han Arneba Beldesinde sivil vatanda\u015flara f\u00fcze sald\u0131r\u0131lar\u0131nda bulunmu\u015f, bir sivil vatanda\u015f\u0131n yaralanmas\u0131na yol a\u00e7m\u0131\u015flard\u0131.<\/p>\n","protected":false},"excerpt":{"rendered":"<p>KUNAYTRA \u2013 Ordu birliklerimiz Kunaytra\u2019da Baas Kenti yak\u0131nlar\u0131nda askeri bir mevkie sald\u0131rmaya \u00e7al\u0131\u015fan Nusra Cephesine ba\u015far\u0131yla kar\u015f\u0131 koyarak sald\u0131rganlar\u0131n \u00e7o\u011funu \u00f6l\u00fc yaral\u0131 d\u00fc\u015f\u00fcrd\u00fc. SANA muhabiri Kunaytra\u2019da \u0130srail\u2019e tabili\u011fi ile bilinen Nusra Cephesinden ter\u00f6ristlerin askeri noktaya sald\u0131rd\u0131klar\u0131n\u0131 aktard\u0131. Muhabir ya\u015fanan \u015fiddetli \u00e7at\u0131\u015fmada sald\u0131rgan ter\u00f6ristlerin b\u00fcy\u00fck \u00e7o\u011funlu\u011funun \u00f6l\u00fc yaral\u0131 d\u00fc\u015f\u00fcr\u00fclmeleriyle sald\u0131r\u0131n\u0131n \u00e7\u00f6kertildi\u011fini belirtti. \u0130srail \u00e7eteleri radikal ter\u00f6r &hellip;<\/p>\n","protected":false},"author":1,"featured_media":153720,"comment_status":"closed","ping_status":"closed","sticky":false,"template":"","format":"standard","meta":{"footnotes":""},"categories":[479,575,17988,478],"tags":[3464,5614,25259,18674,16591,11549,19034,22181,28327],"class_list":["post-153717","post","type-post","status-publish","format-standard","has-post-thumbnail","","category-haberler-yerel","category-olaylar-ve-gercekler","category-son-haberler","category-yerel","tag-nusra-cephesi","tag-israil","tag-israil-destekli-muhalifler","tag-silahli-muhalifler","tag-suriye","tag-suriye-ordusu","tag-suriyeli-muhalifler","tag-suriyeliler","tag-tahrir-el-sam"],"_links":{"self":[{"href":"https:\/\/archive.sana.sy\/tr\/index.php?rest_route=\/wp\/v2\/posts\/153717","targetHints":{"allow":["GET"]}}],"collection":[{"href":"https:\/\/archive.sana.sy\/tr\/index.php?rest_route=\/wp\/v2\/posts"}],"about":[{"href":"https:\/\/archive.sana.sy\/tr\/index.php?rest_route=\/wp\/v2\/types\/post"}],"author":[{"embeddable":true,"href":"https:\/\/archive.sana.sy\/tr\/index.php?rest_route=\/wp\/v2\/users\/1"}],"replies":[{"embeddable":true,"href":"https:\/\/archive.sana.sy\/tr\/index.php?rest_route=%2Fwp%2Fv2%2Fcomments&post=153717"}],"version-history":[{"count":0,"href":"https:\/\/archive.sana.sy\/tr\/index.php?rest_route=\/wp\/v2\/posts\/153717\/revisions"}],"wp:featuredmedia":[{"embeddable":true,"href":"https:\/\/archive.sana.sy\/tr\/index.php?rest_route=\/wp\/v2\/media\/153720"}],"wp:attachment":[{"href":"https:\/\/archive.sana.sy\/tr\/index.php?rest_route=%2Fwp%2Fv2%2Fmedia&parent=153717"}],"wp:term":[{"taxonomy":"category","embeddable":true,"href":"https:\/\/archive.sana.sy\/tr\/index.php?rest_route=%2Fwp%2Fv2%2Fcategories&post=153717"},{"taxonomy":"post_tag","embeddable":true,"href":"https:\/\/archive.sana.sy\/tr\/index.php?rest_route=%2Fwp%2Fv2%2Ftags&post=153717"}],"curies":[{"name":"wp","href":"https:\/\/api.w.org\/{rel}","templated":true}]}}