{"id":153719,"date":"2018-07-06T22:51:17","date_gmt":"2018-07-06T19:51:17","guid":{"rendered":"https:\/\/www.sana.sy\/tr\/?p=153719"},"modified":"2018-07-07T14:41:06","modified_gmt":"2018-07-07T11:41:06","slug":"teroristler-tum-agir-ve-orta-silahlarini-teslim-edecek","status":"publish","type":"post","link":"https:\/\/archive.sana.sy\/tr\/?p=153719","title":{"rendered":"Ter\u00f6ristler T\u00fcm A\u011f\u0131r ve Orta Silahlar\u0131n\u0131 Teslim Edecek"},"content":{"rendered":"<p>DERA \u2013 Dera k\u0131rsal\u0131n\u0131n Busra el \u015eam \u0130l\u00e7esinde ter\u00f6rist gruplarla sa\u011flanan uzla\u015fma anla\u015fmas\u0131nda ter\u00f6ristler t\u00fcm a\u011f\u0131r ve orta silahlar\u0131n\u0131 teslim ederlerken, il\u00e7e ve ona tabi t\u00fcm belde ve k\u00f6ylerde bulunan t\u00fcm devlet kurumlar\u0131 Suriye bayra\u011f\u0131 alt\u0131nda yeniden hizmete ba\u015flayacak.<\/p>\n<p>SANA\u2019n\u0131n sava\u015f muhabiri sa\u011flanan uzla\u015fma anla\u015fmas\u0131 kapsam\u0131nda Busra el \u015eam \u0130l\u00e7esi ve ona tabi t\u00fcm belde ve k\u00f6ylerde \u00e7at\u0131\u015fmalar\u0131n durdurulmas\u0131n\u0131 \u00f6ng\u00f6rd\u00fc\u011f\u00fcn\u00fc aktard\u0131. Muhabir af karar\u0131ndan faydalanma ve normal ya\u015fam\u0131na d\u00f6nmek isteyenlerin t\u00fcm silahlar\u0131n\u0131 teslim etmeleri ard\u0131ndan kanuni durumlar\u0131n\u0131n yeniden d\u00fczenlenece\u011fini ifade ederken, geri kalan ter\u00f6ristlerin ise t\u00fcm orta ve a\u011f\u0131r silahlar\u0131n\u0131 teslim etmeleri ard\u0131ndan aileleriyle birlikte \u0130dlib\u2019e g\u00f6nderileceklerini s\u00f6zlerine ekledi.<\/p>\n<p>Anla\u015fma kapsam\u0131nda daha \u00f6nce il\u00e7e ve ona tabi yerle\u015fim alanlar\u0131nda evlerinden tehcir edilen vatanda\u015flar\u0131n evlerine d\u00f6nmelerini de \u00f6ng\u00f6rd\u00fc\u011f\u00fcn\u00fc ifade eden muhabir; devletin \u00dcrd\u00fcn s\u0131n\u0131rlar\u0131 boyunca t\u00fcm kontrol ve denetleme noktalar\u0131n\u0131 da yeniden kontrol\u00fcne alaca\u011f\u0131n\u0131n alt\u0131n\u0131 \u00e7izdi.<\/p>\n<p>Busra el \u015eam\u2019da y\u0131llard\u0131r vatanda\u015flara ve civardaki b\u00f6lgelere kar\u015f\u0131 insanl\u0131k d\u0131\u015f\u0131 ter\u00f6r estiren kiral\u0131k ter\u00f6r \u00e7eteleri ordu birliklerimizin Dera k\u0131rsal\u0131nda ter\u00f6ristleri ezip yok etmeleri ve \u015fanl\u0131 zaferler kaydetmeleri ard\u0131ndan teslimiyeti kabullenmek zorunda kald\u0131lar.<\/p>\n","protected":false},"excerpt":{"rendered":"<p>DERA \u2013 Dera k\u0131rsal\u0131n\u0131n Busra el \u015eam \u0130l\u00e7esinde ter\u00f6rist gruplarla sa\u011flanan uzla\u015fma anla\u015fmas\u0131nda ter\u00f6ristler t\u00fcm a\u011f\u0131r ve orta silahlar\u0131n\u0131 teslim ederlerken, il\u00e7e ve ona tabi t\u00fcm belde ve k\u00f6ylerde bulunan t\u00fcm devlet kurumlar\u0131 Suriye bayra\u011f\u0131 alt\u0131nda yeniden hizmete ba\u015flayacak. SANA\u2019n\u0131n sava\u015f muhabiri sa\u011flanan uzla\u015fma anla\u015fmas\u0131 kapsam\u0131nda Busra el \u015eam \u0130l\u00e7esi ve ona tabi t\u00fcm belde &hellip;<\/p>\n","protected":false},"author":1,"featured_media":153722,"comment_status":"closed","ping_status":"closed","sticky":false,"template":"","format":"standard","meta":{"footnotes":""},"categories":[479,575,17988,478],"tags":[35790,18674,16591,11549,22181,19461],"class_list":["post-153719","post","type-post","status-publish","format-standard","has-post-thumbnail","","category-haberler-yerel","category-olaylar-ve-gercekler","category-son-haberler","category-yerel","tag-silah-teslimi","tag-silahli-muhalifler","tag-suriye","tag-suriye-ordusu","tag-suriyeliler","tag-uzlasma"],"_links":{"self":[{"href":"https:\/\/archive.sana.sy\/tr\/index.php?rest_route=\/wp\/v2\/posts\/153719","targetHints":{"allow":["GET"]}}],"collection":[{"href":"https:\/\/archive.sana.sy\/tr\/index.php?rest_route=\/wp\/v2\/posts"}],"about":[{"href":"https:\/\/archive.sana.sy\/tr\/index.php?rest_route=\/wp\/v2\/types\/post"}],"author":[{"embeddable":true,"href":"https:\/\/archive.sana.sy\/tr\/index.php?rest_route=\/wp\/v2\/users\/1"}],"replies":[{"embeddable":true,"href":"https:\/\/archive.sana.sy\/tr\/index.php?rest_route=%2Fwp%2Fv2%2Fcomments&post=153719"}],"version-history":[{"count":0,"href":"https:\/\/archive.sana.sy\/tr\/index.php?rest_route=\/wp\/v2\/posts\/153719\/revisions"}],"wp:featuredmedia":[{"embeddable":true,"href":"https:\/\/archive.sana.sy\/tr\/index.php?rest_route=\/wp\/v2\/media\/153722"}],"wp:attachment":[{"href":"https:\/\/archive.sana.sy\/tr\/index.php?rest_route=%2Fwp%2Fv2%2Fmedia&parent=153719"}],"wp:term":[{"taxonomy":"category","embeddable":true,"href":"https:\/\/archive.sana.sy\/tr\/index.php?rest_route=%2Fwp%2Fv2%2Fcategories&post=153719"},{"taxonomy":"post_tag","embeddable":true,"href":"https:\/\/archive.sana.sy\/tr\/index.php?rest_route=%2Fwp%2Fv2%2Ftags&post=153719"}],"curies":[{"name":"wp","href":"https:\/\/api.w.org\/{rel}","templated":true}]}}