{"id":153725,"date":"2018-07-07T13:50:34","date_gmt":"2018-07-07T10:50:34","guid":{"rendered":"https:\/\/www.sana.sy\/tr\/?p=153725"},"modified":"2018-07-08T14:33:06","modified_gmt":"2018-07-08T11:33:06","slug":"153725","status":"publish","type":"post","link":"https:\/\/archive.sana.sy\/tr\/?p=153725","title":{"rendered":"Ordunun Zaferleri Halk\u0131n G\u00f6nl\u00fcn\u00fc Sevindiriyor"},"content":{"rendered":"<p>DERA \u2013 Ordu birliklerimizin Dera ve k\u0131rsal\u0131nda d\u0131\u015f g\u00fc\u00e7lere tabi kiral\u0131k ve radikal ter\u00f6ristlere kar\u015f\u0131 \u015fanl\u0131 zaferleri Dera halk\u0131n\u0131n g\u00f6nl\u00fcn\u00fc sevindirirken, y\u0131llard\u0131r ya\u015fad\u0131klar\u0131 ter\u00f6r ac\u0131s\u0131ndan kurtulma ve yeniden g\u00fcvenlik istikrara kavu\u015fma umutlar\u0131n\u0131 co\u015fturdu.<\/p>\n<p><a href=\"https:\/\/www.sana.sy\/tr\/wp-content\/uploads\/2018\/07\/photo_2018-07-07_16-11-01.jpg\"><img loading=\"lazy\" decoding=\"async\" class=\"alignright wp-image-153910 size-medium\" src=\"https:\/\/www.sana.sy\/tr\/wp-content\/uploads\/2018\/07\/photo_2018-07-07_16-11-01-300x146.jpg\" alt=\"\" width=\"300\" height=\"146\" srcset=\"https:\/\/archive.sana.sy\/tr\/wp-content\/uploads\/2018\/07\/photo_2018-07-07_16-11-01-300x146.jpg 300w, https:\/\/archive.sana.sy\/tr\/wp-content\/uploads\/2018\/07\/photo_2018-07-07_16-11-01-150x73.jpg 150w, https:\/\/archive.sana.sy\/tr\/wp-content\/uploads\/2018\/07\/photo_2018-07-07_16-11-01-768x373.jpg 768w, https:\/\/archive.sana.sy\/tr\/wp-content\/uploads\/2018\/07\/photo_2018-07-07_16-11-01-1024x498.jpg 1024w, https:\/\/archive.sana.sy\/tr\/wp-content\/uploads\/2018\/07\/photo_2018-07-07_16-11-01.jpg 1280w\" sizes=\"auto, (max-width: 300px) 100vw, 300px\" \/><\/a>Ordunun \u00dcrd\u00fcn\u2019e a\u00e7\u0131lan Nasib S\u0131n\u0131r Kap\u0131s\u0131 ve Dera Kentinin 4 km do\u011fusunda yer al\u0131p ter\u00f6ristlerin en tehlikeli karargahlar\u0131ndan biri say\u0131lan Nuayme Beldesini kurtarmalar\u0131 ise Deral\u0131lar\u0131n g\u00f6nl\u00fcnde farkl\u0131 bir sevin\u00e7 ve co\u015fkuya yol a\u00e7t\u0131.<\/p>\n<p>Vatanda\u015flar Nuayme Beldesindeki radikal ter\u00f6ristlerin y\u0131llard\u0131r sivillere kar\u015f\u0131 gasp ve sald\u0131r\u0131 eylemlerinde bulunmalar\u0131na ilaveten civarda bulunan yerle\u015fim alanlar\u0131na s\u00fcrekli bir \u015fekilde gaddar f\u00fcze sald\u0131r\u0131nda bulunduklar\u0131n\u0131 kaydetti. Nuayme Beldesinin kurtar\u0131lmas\u0131yla Dera Kenti dahil bir\u00e7ok sivil yerle\u015fim b\u00f6lgesinin gaddar sald\u0131r\u0131lardan kurtulup istikrar ve g\u00fcvenli\u011fe kavu\u015ftu\u011funa dikkat \u00e7eken vatanda\u015flar; Suriye ordusunun ter\u00f6r ve destek\u00e7ilerine kar\u015f\u0131 zaferleriyle gurur duyduklar\u0131n\u0131 vurgulad\u0131.<\/p>\n<p><a href=\"https:\/\/www.sana.sy\/tr\/wp-content\/uploads\/2018\/07\/photo_2018-07-07_16-11-06.jpg\"><img loading=\"lazy\" decoding=\"async\" class=\"alignright wp-image-153911 size-medium\" src=\"https:\/\/www.sana.sy\/tr\/wp-content\/uploads\/2018\/07\/photo_2018-07-07_16-11-06-300x146.jpg\" alt=\"\" width=\"300\" height=\"146\" srcset=\"https:\/\/archive.sana.sy\/tr\/wp-content\/uploads\/2018\/07\/photo_2018-07-07_16-11-06-300x146.jpg 300w, https:\/\/archive.sana.sy\/tr\/wp-content\/uploads\/2018\/07\/photo_2018-07-07_16-11-06-150x73.jpg 150w, https:\/\/archive.sana.sy\/tr\/wp-content\/uploads\/2018\/07\/photo_2018-07-07_16-11-06-768x373.jpg 768w, https:\/\/archive.sana.sy\/tr\/wp-content\/uploads\/2018\/07\/photo_2018-07-07_16-11-06-1024x498.jpg 1024w, https:\/\/archive.sana.sy\/tr\/wp-content\/uploads\/2018\/07\/photo_2018-07-07_16-11-06.jpg 1280w\" sizes=\"auto, (max-width: 300px) 100vw, 300px\" \/><\/a>Vatanda\u015flar ordu birliklerimizin \u00f6zellikle il k\u0131rsal\u0131n\u0131n do\u011fusunda ve \u00dcrd\u00fcn s\u0131n\u0131rlar\u0131 boyunca kaydettikleri \u015fanl\u0131 zaferlerin halk aras\u0131nda sadece umutlar\u0131 ye\u015fertmekle kalmay\u0131p, vatanda\u015flar\u0131n ter\u00f6ristlerden korkular\u0131n\u0131 da yok etti\u011fine dikkat \u00e7ekti.<\/p>\n<p>Ordunun zaferlerini co\u015fku ve sevin\u00e7le kutlayan Dera halk\u0131, mahallerde, \u00e7ar\u015f\u0131 ve pazarlarda tatl\u0131 ve \u015feker da\u011f\u0131t\u0131p kendilerini y\u0131llard\u0131r ya\u015fad\u0131klar\u0131 ter\u00f6r ac\u0131s\u0131ndan kurtaran ordu birliklerimize desteklerini vurgulad\u0131lar.<\/p>\n<p>Ordunun ter\u00f6re kar\u015f\u0131 zaferleri \u0131\u015f\u0131\u011f\u0131nda Dera halk\u0131 ak\u015fam ge\u00e7 saatlere kadar sokaklarda kal\u0131p y\u0131llar sonra g\u00fcvenlik ve istikrar\u0131n tad\u0131n\u0131 \u00e7\u0131kar\u0131rlarken, \u00e7ar\u015f\u0131 pazarlarda da \u00f6nemli bir ticari ve ekonomik hareketlilik kaydedildi.<\/p>\n<p>&nbsp;<\/p>\n","protected":false},"excerpt":{"rendered":"<p>DERA \u2013 Ordu birliklerimizin Dera ve k\u0131rsal\u0131nda d\u0131\u015f g\u00fc\u00e7lere tabi kiral\u0131k ve radikal ter\u00f6ristlere kar\u015f\u0131 \u015fanl\u0131 zaferleri Dera halk\u0131n\u0131n g\u00f6nl\u00fcn\u00fc sevindirirken, y\u0131llard\u0131r ya\u015fad\u0131klar\u0131 ter\u00f6r ac\u0131s\u0131ndan kurtulma ve yeniden g\u00fcvenlik istikrara kavu\u015fma umutlar\u0131n\u0131 co\u015fturdu. Ordunun \u00dcrd\u00fcn\u2019e a\u00e7\u0131lan Nasib S\u0131n\u0131r Kap\u0131s\u0131 ve Dera Kentinin 4 km do\u011fusunda yer al\u0131p ter\u00f6ristlerin en tehlikeli karargahlar\u0131ndan biri say\u0131lan Nuayme Beldesini &hellip;<\/p>\n","protected":false},"author":1,"featured_media":153912,"comment_status":"closed","ping_status":"closed","sticky":false,"template":"","format":"standard","meta":{"footnotes":""},"categories":[479,17988,478],"tags":[30790,1295,36783,16591,13043,11549,19034,22181],"class_list":["post-153725","post","type-post","status-publish","format-standard","has-post-thumbnail","","category-haberler-yerel","category-son-haberler","category-yerel","tag-dara","tag-dera","tag-ordu-zaferleri","tag-suriye","tag-suriye-halki","tag-suriye-ordusu","tag-suriyeli-muhalifler","tag-suriyeliler"],"_links":{"self":[{"href":"https:\/\/archive.sana.sy\/tr\/index.php?rest_route=\/wp\/v2\/posts\/153725","targetHints":{"allow":["GET"]}}],"collection":[{"href":"https:\/\/archive.sana.sy\/tr\/index.php?rest_route=\/wp\/v2\/posts"}],"about":[{"href":"https:\/\/archive.sana.sy\/tr\/index.php?rest_route=\/wp\/v2\/types\/post"}],"author":[{"embeddable":true,"href":"https:\/\/archive.sana.sy\/tr\/index.php?rest_route=\/wp\/v2\/users\/1"}],"replies":[{"embeddable":true,"href":"https:\/\/archive.sana.sy\/tr\/index.php?rest_route=%2Fwp%2Fv2%2Fcomments&post=153725"}],"version-history":[{"count":0,"href":"https:\/\/archive.sana.sy\/tr\/index.php?rest_route=\/wp\/v2\/posts\/153725\/revisions"}],"wp:featuredmedia":[{"embeddable":true,"href":"https:\/\/archive.sana.sy\/tr\/index.php?rest_route=\/wp\/v2\/media\/153912"}],"wp:attachment":[{"href":"https:\/\/archive.sana.sy\/tr\/index.php?rest_route=%2Fwp%2Fv2%2Fmedia&parent=153725"}],"wp:term":[{"taxonomy":"category","embeddable":true,"href":"https:\/\/archive.sana.sy\/tr\/index.php?rest_route=%2Fwp%2Fv2%2Fcategories&post=153725"},{"taxonomy":"post_tag","embeddable":true,"href":"https:\/\/archive.sana.sy\/tr\/index.php?rest_route=%2Fwp%2Fv2%2Ftags&post=153725"}],"curies":[{"name":"wp","href":"https:\/\/api.w.org\/{rel}","templated":true}]}}