{"id":153736,"date":"2018-07-07T13:45:27","date_gmt":"2018-07-07T10:45:27","guid":{"rendered":"https:\/\/www.sana.sy\/tr\/?p=153736"},"modified":"2018-07-08T14:29:33","modified_gmt":"2018-07-08T11:29:33","slug":"15-binden-fazla-is-firsati-temin-ediyor","status":"publish","type":"post","link":"https:\/\/archive.sana.sy\/tr\/?p=153736","title":{"rendered":"15 Binden Fazla \u0130\u015f F\u0131rsat\u0131 Temin Ediyor"},"content":{"rendered":"<p>S\u00dcVEYDA \u2013 S\u00fcveyda \u0130linde sanayi ve zanaat b\u00f6lgeleri \u00f6nemli kalk\u0131nsal projelerine ev sahipli\u011fi yapmas\u0131n\u0131n yan\u0131 s\u0131ra b\u00f6lge halk\u0131na 15 binden fazla i\u015f f\u0131rsat\u0131 temine diyor.<\/p>\n<p>Suriye ve halk\u0131n\u0131n maruz kald\u0131\u011f\u0131 sava\u015f ve yapt\u0131r\u0131m ko\u015fullar\u0131na ra\u011fmen son birka\u00e7 y\u0131l i\u00e7inde say\u0131lar\u0131 15\u2019i a\u015fan organize sanayi b\u00f6lgesi, farkl\u0131 b\u00f6lgelerde 1673 d\u00f6n\u00fcm araziden fazla bir alana yay\u0131l\u0131yor.<\/p>\n<p>Bu b\u00f6lgelerde bulunan sanayiciler altyap\u0131 ve hizmet \u015febekelerinin bu b\u00f6lgelerde iyi d\u00fczeyde olduklar\u0131n\u0131 ifade ederken, devletin sanayi ve kalk\u0131nma ama\u00e7l\u0131 giri\u015fimlere b\u00fcy\u00fck ilgi g\u00f6sterip destekledi\u011fini belirtti. Sanayiciler fakat eski sanayi b\u00f6lgelerinde bir k\u0131s\u0131m hizmet \u015febekelerinin onar\u0131lmas\u0131 gere\u011finin de alt\u0131n\u0131 \u00e7izdi.<\/p>\n<div id='gallery-1' class='gallery galleryid-153736 gallery-columns-2 gallery-size-medium'><figure class='gallery-item'>\n\t\t\t<div class='gallery-icon landscape'>\n\t\t\t\t<a href='https:\/\/archive.sana.sy\/tr\/wp-content\/uploads\/2018\/07\/1-78.jpg'><img loading=\"lazy\" decoding=\"async\" width=\"300\" height=\"182\" src=\"https:\/\/archive.sana.sy\/tr\/wp-content\/uploads\/2018\/07\/1-78-300x182.jpg\" class=\"attachment-medium size-medium\" alt=\"\" srcset=\"https:\/\/archive.sana.sy\/tr\/wp-content\/uploads\/2018\/07\/1-78-300x182.jpg 300w, https:\/\/archive.sana.sy\/tr\/wp-content\/uploads\/2018\/07\/1-78-150x91.jpg 150w, https:\/\/archive.sana.sy\/tr\/wp-content\/uploads\/2018\/07\/1-78-768x465.jpg 768w, https:\/\/archive.sana.sy\/tr\/wp-content\/uploads\/2018\/07\/1-78-1024x620.jpg 1024w, https:\/\/archive.sana.sy\/tr\/wp-content\/uploads\/2018\/07\/1-78.jpg 1200w\" sizes=\"auto, (max-width: 300px) 100vw, 300px\" \/><\/a>\n\t\t\t<\/div><\/figure><figure class='gallery-item'>\n\t\t\t<div class='gallery-icon landscape'>\n\t\t\t\t<a href='https:\/\/archive.sana.sy\/tr\/wp-content\/uploads\/2018\/07\/2-31.jpg'><img loading=\"lazy\" decoding=\"async\" width=\"300\" height=\"196\" src=\"https:\/\/archive.sana.sy\/tr\/wp-content\/uploads\/2018\/07\/2-31-300x196.jpg\" class=\"attachment-medium size-medium\" alt=\"\" srcset=\"https:\/\/archive.sana.sy\/tr\/wp-content\/uploads\/2018\/07\/2-31-300x196.jpg 300w, https:\/\/archive.sana.sy\/tr\/wp-content\/uploads\/2018\/07\/2-31-150x98.jpg 150w, https:\/\/archive.sana.sy\/tr\/wp-content\/uploads\/2018\/07\/2-31-768x502.jpg 768w, https:\/\/archive.sana.sy\/tr\/wp-content\/uploads\/2018\/07\/2-31-1024x670.jpg 1024w, https:\/\/archive.sana.sy\/tr\/wp-content\/uploads\/2018\/07\/2-31.jpg 1200w\" sizes=\"auto, (max-width: 300px) 100vw, 300px\" \/><\/a>\n\t\t\t<\/div><\/figure><figure class='gallery-item'>\n\t\t\t<div class='gallery-icon portrait'>\n\t\t\t\t<a href='https:\/\/archive.sana.sy\/tr\/wp-content\/uploads\/2018\/07\/3-23.jpg'><img loading=\"lazy\" decoding=\"async\" width=\"201\" height=\"300\" src=\"https:\/\/archive.sana.sy\/tr\/wp-content\/uploads\/2018\/07\/3-23-201x300.jpg\" class=\"attachment-medium size-medium\" alt=\"\" srcset=\"https:\/\/archive.sana.sy\/tr\/wp-content\/uploads\/2018\/07\/3-23-201x300.jpg 201w, https:\/\/archive.sana.sy\/tr\/wp-content\/uploads\/2018\/07\/3-23-100x150.jpg 100w, https:\/\/archive.sana.sy\/tr\/wp-content\/uploads\/2018\/07\/3-23-768x1148.jpg 768w, https:\/\/archive.sana.sy\/tr\/wp-content\/uploads\/2018\/07\/3-23-685x1024.jpg 685w, https:\/\/archive.sana.sy\/tr\/wp-content\/uploads\/2018\/07\/3-23.jpg 803w\" sizes=\"auto, (max-width: 201px) 100vw, 201px\" \/><\/a>\n\t\t\t<\/div><\/figure><figure class='gallery-item'>\n\t\t\t<div class='gallery-icon landscape'>\n\t\t\t\t<a href='https:\/\/archive.sana.sy\/tr\/wp-content\/uploads\/2018\/07\/4-17.jpg'><img loading=\"lazy\" decoding=\"async\" width=\"300\" height=\"190\" src=\"https:\/\/archive.sana.sy\/tr\/wp-content\/uploads\/2018\/07\/4-17-300x190.jpg\" class=\"attachment-medium size-medium\" alt=\"\" srcset=\"https:\/\/archive.sana.sy\/tr\/wp-content\/uploads\/2018\/07\/4-17-300x190.jpg 300w, https:\/\/archive.sana.sy\/tr\/wp-content\/uploads\/2018\/07\/4-17-150x95.jpg 150w, https:\/\/archive.sana.sy\/tr\/wp-content\/uploads\/2018\/07\/4-17-768x486.jpg 768w, https:\/\/archive.sana.sy\/tr\/wp-content\/uploads\/2018\/07\/4-17-1024x648.jpg 1024w, https:\/\/archive.sana.sy\/tr\/wp-content\/uploads\/2018\/07\/4-17.jpg 1200w\" sizes=\"auto, (max-width: 300px) 100vw, 300px\" \/><\/a>\n\t\t\t<\/div><\/figure>\n\t\t<\/div>\n\n","protected":false},"excerpt":{"rendered":"<p>S\u00dcVEYDA \u2013 S\u00fcveyda \u0130linde sanayi ve zanaat b\u00f6lgeleri \u00f6nemli kalk\u0131nsal projelerine ev sahipli\u011fi yapmas\u0131n\u0131n yan\u0131 s\u0131ra b\u00f6lge halk\u0131na 15 binden fazla i\u015f f\u0131rsat\u0131 temine diyor. Suriye ve halk\u0131n\u0131n maruz kald\u0131\u011f\u0131 sava\u015f ve yapt\u0131r\u0131m ko\u015fullar\u0131na ra\u011fmen son birka\u00e7 y\u0131l i\u00e7inde say\u0131lar\u0131 15\u2019i a\u015fan organize sanayi b\u00f6lgesi, farkl\u0131 b\u00f6lgelerde 1673 d\u00f6n\u00fcm araziden fazla bir alana yay\u0131l\u0131yor. Bu &hellip;<\/p>\n","protected":false},"author":1,"featured_media":153738,"comment_status":"closed","ping_status":"closed","sticky":false,"template":"","format":"standard","meta":{"footnotes":""},"categories":[485,596,486,479,17988,478],"tags":[33035,25129,16591,13043,22181,13862],"class_list":["post-153736","post","type-post","status-publish","format-standard","has-post-thumbnail","","category-is-ve-sermaye","category-fotografli-raporlar","category-haberler-is-ve-sermaye","category-haberler-yerel","category-son-haberler","category-yerel","tag-is-firsatlari","tag-sanayi-bolgesi","tag-suriye","tag-suriye-halki","tag-suriyeliler","tag-suveyda"],"_links":{"self":[{"href":"https:\/\/archive.sana.sy\/tr\/index.php?rest_route=\/wp\/v2\/posts\/153736","targetHints":{"allow":["GET"]}}],"collection":[{"href":"https:\/\/archive.sana.sy\/tr\/index.php?rest_route=\/wp\/v2\/posts"}],"about":[{"href":"https:\/\/archive.sana.sy\/tr\/index.php?rest_route=\/wp\/v2\/types\/post"}],"author":[{"embeddable":true,"href":"https:\/\/archive.sana.sy\/tr\/index.php?rest_route=\/wp\/v2\/users\/1"}],"replies":[{"embeddable":true,"href":"https:\/\/archive.sana.sy\/tr\/index.php?rest_route=%2Fwp%2Fv2%2Fcomments&post=153736"}],"version-history":[{"count":0,"href":"https:\/\/archive.sana.sy\/tr\/index.php?rest_route=\/wp\/v2\/posts\/153736\/revisions"}],"wp:featuredmedia":[{"embeddable":true,"href":"https:\/\/archive.sana.sy\/tr\/index.php?rest_route=\/wp\/v2\/media\/153738"}],"wp:attachment":[{"href":"https:\/\/archive.sana.sy\/tr\/index.php?rest_route=%2Fwp%2Fv2%2Fmedia&parent=153736"}],"wp:term":[{"taxonomy":"category","embeddable":true,"href":"https:\/\/archive.sana.sy\/tr\/index.php?rest_route=%2Fwp%2Fv2%2Fcategories&post=153736"},{"taxonomy":"post_tag","embeddable":true,"href":"https:\/\/archive.sana.sy\/tr\/index.php?rest_route=%2Fwp%2Fv2%2Ftags&post=153736"}],"curies":[{"name":"wp","href":"https:\/\/api.w.org\/{rel}","templated":true}]}}