{"id":153847,"date":"2018-07-08T13:17:17","date_gmt":"2018-07-08T10:17:17","guid":{"rendered":"https:\/\/www.sana.sy\/tr\/?p=153847"},"modified":"2018-07-09T14:28:08","modified_gmt":"2018-07-09T11:28:08","slug":"dogu-kerk-beldesinde-orduya-destek-faaliyeti","status":"publish","type":"post","link":"https:\/\/archive.sana.sy\/tr\/?p=153847","title":{"rendered":"Do\u011fu Kerk Beldesinde Orduya Destek Faaliyeti"},"content":{"rendered":"<p>DERA \u2013 Dera k\u0131rsal\u0131nda ordu birliklerimizin ter\u00f6rden kurtard\u0131klar\u0131 Do\u011fu Kerk Beldesinde kalabal\u0131k halk kitleleri d\u00fczenledikleri faaliyette ordu birliklerimize desteklerini vurgulad\u0131.<\/p>\n<p>D\u0131\u015f g\u00fc\u00e7lerin edat olarak kulland\u0131klar\u0131 kiral\u0131k ve radikal ter\u00f6r \u00e7etelerinden kurtulu\u015flar\u0131n\u0131 Suriye bayra\u011f\u0131 ve Cumhurba\u015fkan\u0131 Be\u015f\u015far el Esad\u2019\u0131n foto\u011fraflar\u0131yla kutlayan belde halk\u0131, Suriye ordusunun kendilerini kiral\u0131k ter\u00f6ristlerden kurtaraca\u011f\u0131ndan hi\u00e7bir zaman \u00fcmitlerini kesmediklerini ifade etti.<\/p>\n<p>Belde halk\u0131 ter\u00f6r \u00f6rg\u00fctleri ve yanda\u015f medyalar\u0131n\u0131n as\u0131ls\u0131z haberler ve uydurma g\u00f6r\u00fcnt\u00fclerle insanlar\u0131 kand\u0131rmalar\u0131n\u0131 k\u0131narken, belde ve halk\u0131n\u0131n ordu birliklerimize mutlak desteklerinin alt\u0131n\u0131 \u00e7izdi.<\/p>\n<p>Y\u0131llard\u0131r ter\u00f6ristlerin bask\u0131, zul\u00fcm, gasp ve sald\u0131r\u0131lar\u0131 alt\u0131nda kald\u0131klar\u0131n\u0131 ifade eden belde halk\u0131, bu kiral\u0131k \u00e7etelerin ger\u00e7e\u011fini kendilerinin herkesten daha \u00e7ok bildiklerini kaydetti.<\/p>\n<div id='gallery-1' class='gallery galleryid-153847 gallery-columns-1 gallery-size-full'><figure class='gallery-item'>\n\t\t\t<div class='gallery-icon landscape'>\n\t\t\t\t<a href='https:\/\/archive.sana.sy\/tr\/wp-content\/uploads\/2018\/07\/photo_2018-07-07_15-40-08.jpg'><img loading=\"lazy\" decoding=\"async\" width=\"1200\" height=\"778\" src=\"https:\/\/archive.sana.sy\/tr\/wp-content\/uploads\/2018\/07\/photo_2018-07-07_15-40-08.jpg\" class=\"attachment-full size-full\" alt=\"\" srcset=\"https:\/\/archive.sana.sy\/tr\/wp-content\/uploads\/2018\/07\/photo_2018-07-07_15-40-08.jpg 1200w, https:\/\/archive.sana.sy\/tr\/wp-content\/uploads\/2018\/07\/photo_2018-07-07_15-40-08-150x97.jpg 150w, https:\/\/archive.sana.sy\/tr\/wp-content\/uploads\/2018\/07\/photo_2018-07-07_15-40-08-300x195.jpg 300w, https:\/\/archive.sana.sy\/tr\/wp-content\/uploads\/2018\/07\/photo_2018-07-07_15-40-08-768x498.jpg 768w, https:\/\/archive.sana.sy\/tr\/wp-content\/uploads\/2018\/07\/photo_2018-07-07_15-40-08-1024x664.jpg 1024w\" sizes=\"auto, (max-width: 1200px) 100vw, 1200px\" \/><\/a>\n\t\t\t<\/div><\/figure><figure class='gallery-item'>\n\t\t\t<div class='gallery-icon landscape'>\n\t\t\t\t<a href='https:\/\/archive.sana.sy\/tr\/wp-content\/uploads\/2018\/07\/photo_2018-07-07_15-40-10.jpg'><img loading=\"lazy\" decoding=\"async\" width=\"1200\" height=\"676\" src=\"https:\/\/archive.sana.sy\/tr\/wp-content\/uploads\/2018\/07\/photo_2018-07-07_15-40-10.jpg\" class=\"attachment-full size-full\" alt=\"\" srcset=\"https:\/\/archive.sana.sy\/tr\/wp-content\/uploads\/2018\/07\/photo_2018-07-07_15-40-10.jpg 1200w, https:\/\/archive.sana.sy\/tr\/wp-content\/uploads\/2018\/07\/photo_2018-07-07_15-40-10-150x85.jpg 150w, https:\/\/archive.sana.sy\/tr\/wp-content\/uploads\/2018\/07\/photo_2018-07-07_15-40-10-300x169.jpg 300w, https:\/\/archive.sana.sy\/tr\/wp-content\/uploads\/2018\/07\/photo_2018-07-07_15-40-10-768x433.jpg 768w, https:\/\/archive.sana.sy\/tr\/wp-content\/uploads\/2018\/07\/photo_2018-07-07_15-40-10-1024x577.jpg 1024w\" sizes=\"auto, (max-width: 1200px) 100vw, 1200px\" \/><\/a>\n\t\t\t<\/div><\/figure><figure class='gallery-item'>\n\t\t\t<div class='gallery-icon landscape'>\n\t\t\t\t<a href='https:\/\/archive.sana.sy\/tr\/wp-content\/uploads\/2018\/07\/photo_2018-07-07_15-40-13.jpg'><img loading=\"lazy\" decoding=\"async\" width=\"1200\" height=\"676\" src=\"https:\/\/archive.sana.sy\/tr\/wp-content\/uploads\/2018\/07\/photo_2018-07-07_15-40-13.jpg\" class=\"attachment-full size-full\" alt=\"\" srcset=\"https:\/\/archive.sana.sy\/tr\/wp-content\/uploads\/2018\/07\/photo_2018-07-07_15-40-13.jpg 1200w, https:\/\/archive.sana.sy\/tr\/wp-content\/uploads\/2018\/07\/photo_2018-07-07_15-40-13-150x85.jpg 150w, https:\/\/archive.sana.sy\/tr\/wp-content\/uploads\/2018\/07\/photo_2018-07-07_15-40-13-300x169.jpg 300w, https:\/\/archive.sana.sy\/tr\/wp-content\/uploads\/2018\/07\/photo_2018-07-07_15-40-13-768x433.jpg 768w, https:\/\/archive.sana.sy\/tr\/wp-content\/uploads\/2018\/07\/photo_2018-07-07_15-40-13-1024x577.jpg 1024w\" sizes=\"auto, (max-width: 1200px) 100vw, 1200px\" \/><\/a>\n\t\t\t<\/div><\/figure><figure class='gallery-item'>\n\t\t\t<div class='gallery-icon landscape'>\n\t\t\t\t<a href='https:\/\/archive.sana.sy\/tr\/wp-content\/uploads\/2018\/07\/photo_2018-07-07_15-40-17.jpg'><img loading=\"lazy\" decoding=\"async\" width=\"1200\" height=\"676\" src=\"https:\/\/archive.sana.sy\/tr\/wp-content\/uploads\/2018\/07\/photo_2018-07-07_15-40-17.jpg\" class=\"attachment-full size-full\" alt=\"\" srcset=\"https:\/\/archive.sana.sy\/tr\/wp-content\/uploads\/2018\/07\/photo_2018-07-07_15-40-17.jpg 1200w, https:\/\/archive.sana.sy\/tr\/wp-content\/uploads\/2018\/07\/photo_2018-07-07_15-40-17-150x85.jpg 150w, https:\/\/archive.sana.sy\/tr\/wp-content\/uploads\/2018\/07\/photo_2018-07-07_15-40-17-300x169.jpg 300w, https:\/\/archive.sana.sy\/tr\/wp-content\/uploads\/2018\/07\/photo_2018-07-07_15-40-17-768x433.jpg 768w, https:\/\/archive.sana.sy\/tr\/wp-content\/uploads\/2018\/07\/photo_2018-07-07_15-40-17-1024x577.jpg 1024w\" sizes=\"auto, (max-width: 1200px) 100vw, 1200px\" \/><\/a>\n\t\t\t<\/div><\/figure><figure class='gallery-item'>\n\t\t\t<div class='gallery-icon landscape'>\n\t\t\t\t<a href='https:\/\/archive.sana.sy\/tr\/wp-content\/uploads\/2018\/07\/photo_2018-07-07_15-40-41.jpg'><img loading=\"lazy\" decoding=\"async\" width=\"1200\" height=\"704\" src=\"https:\/\/archive.sana.sy\/tr\/wp-content\/uploads\/2018\/07\/photo_2018-07-07_15-40-41.jpg\" class=\"attachment-full size-full\" alt=\"\" srcset=\"https:\/\/archive.sana.sy\/tr\/wp-content\/uploads\/2018\/07\/photo_2018-07-07_15-40-41.jpg 1200w, https:\/\/archive.sana.sy\/tr\/wp-content\/uploads\/2018\/07\/photo_2018-07-07_15-40-41-150x88.jpg 150w, https:\/\/archive.sana.sy\/tr\/wp-content\/uploads\/2018\/07\/photo_2018-07-07_15-40-41-300x176.jpg 300w, https:\/\/archive.sana.sy\/tr\/wp-content\/uploads\/2018\/07\/photo_2018-07-07_15-40-41-768x451.jpg 768w, https:\/\/archive.sana.sy\/tr\/wp-content\/uploads\/2018\/07\/photo_2018-07-07_15-40-41-1024x601.jpg 1024w\" sizes=\"auto, (max-width: 1200px) 100vw, 1200px\" \/><\/a>\n\t\t\t<\/div><\/figure><figure class='gallery-item'>\n\t\t\t<div class='gallery-icon landscape'>\n\t\t\t\t<a href='https:\/\/archive.sana.sy\/tr\/wp-content\/uploads\/2018\/07\/photo_2018-07-07_15-40-43.jpg'><img loading=\"lazy\" decoding=\"async\" width=\"1200\" height=\"707\" src=\"https:\/\/archive.sana.sy\/tr\/wp-content\/uploads\/2018\/07\/photo_2018-07-07_15-40-43.jpg\" class=\"attachment-full size-full\" alt=\"\" srcset=\"https:\/\/archive.sana.sy\/tr\/wp-content\/uploads\/2018\/07\/photo_2018-07-07_15-40-43.jpg 1200w, https:\/\/archive.sana.sy\/tr\/wp-content\/uploads\/2018\/07\/photo_2018-07-07_15-40-43-150x88.jpg 150w, https:\/\/archive.sana.sy\/tr\/wp-content\/uploads\/2018\/07\/photo_2018-07-07_15-40-43-300x177.jpg 300w, https:\/\/archive.sana.sy\/tr\/wp-content\/uploads\/2018\/07\/photo_2018-07-07_15-40-43-768x452.jpg 768w, https:\/\/archive.sana.sy\/tr\/wp-content\/uploads\/2018\/07\/photo_2018-07-07_15-40-43-1024x603.jpg 1024w\" sizes=\"auto, (max-width: 1200px) 100vw, 1200px\" \/><\/a>\n\t\t\t<\/div><\/figure><figure class='gallery-item'>\n\t\t\t<div class='gallery-icon landscape'>\n\t\t\t\t<a href='https:\/\/archive.sana.sy\/tr\/wp-content\/uploads\/2018\/07\/photo_2018-07-07_15-40-47.jpg'><img loading=\"lazy\" decoding=\"async\" width=\"1200\" height=\"699\" src=\"https:\/\/archive.sana.sy\/tr\/wp-content\/uploads\/2018\/07\/photo_2018-07-07_15-40-47.jpg\" class=\"attachment-full size-full\" alt=\"\" srcset=\"https:\/\/archive.sana.sy\/tr\/wp-content\/uploads\/2018\/07\/photo_2018-07-07_15-40-47.jpg 1200w, https:\/\/archive.sana.sy\/tr\/wp-content\/uploads\/2018\/07\/photo_2018-07-07_15-40-47-150x87.jpg 150w, https:\/\/archive.sana.sy\/tr\/wp-content\/uploads\/2018\/07\/photo_2018-07-07_15-40-47-300x175.jpg 300w, https:\/\/archive.sana.sy\/tr\/wp-content\/uploads\/2018\/07\/photo_2018-07-07_15-40-47-768x447.jpg 768w, https:\/\/archive.sana.sy\/tr\/wp-content\/uploads\/2018\/07\/photo_2018-07-07_15-40-47-1024x596.jpg 1024w\" sizes=\"auto, (max-width: 1200px) 100vw, 1200px\" \/><\/a>\n\t\t\t<\/div><\/figure><figure class='gallery-item'>\n\t\t\t<div class='gallery-icon landscape'>\n\t\t\t\t<a href='https:\/\/archive.sana.sy\/tr\/wp-content\/uploads\/2018\/07\/photo_2018-07-07_15-41-13.jpg'><img loading=\"lazy\" decoding=\"async\" width=\"1200\" height=\"657\" src=\"https:\/\/archive.sana.sy\/tr\/wp-content\/uploads\/2018\/07\/photo_2018-07-07_15-41-13.jpg\" class=\"attachment-full size-full\" alt=\"\" srcset=\"https:\/\/archive.sana.sy\/tr\/wp-content\/uploads\/2018\/07\/photo_2018-07-07_15-41-13.jpg 1200w, https:\/\/archive.sana.sy\/tr\/wp-content\/uploads\/2018\/07\/photo_2018-07-07_15-41-13-150x82.jpg 150w, https:\/\/archive.sana.sy\/tr\/wp-content\/uploads\/2018\/07\/photo_2018-07-07_15-41-13-300x164.jpg 300w, https:\/\/archive.sana.sy\/tr\/wp-content\/uploads\/2018\/07\/photo_2018-07-07_15-41-13-768x420.jpg 768w, https:\/\/archive.sana.sy\/tr\/wp-content\/uploads\/2018\/07\/photo_2018-07-07_15-41-13-1024x561.jpg 1024w\" sizes=\"auto, (max-width: 1200px) 100vw, 1200px\" \/><\/a>\n\t\t\t<\/div><\/figure><figure class='gallery-item'>\n\t\t\t<div class='gallery-icon landscape'>\n\t\t\t\t<a href='https:\/\/archive.sana.sy\/tr\/wp-content\/uploads\/2018\/07\/photo_2018-07-07_15-41-20.jpg'><img loading=\"lazy\" decoding=\"async\" width=\"1200\" height=\"653\" src=\"https:\/\/archive.sana.sy\/tr\/wp-content\/uploads\/2018\/07\/photo_2018-07-07_15-41-20.jpg\" class=\"attachment-full size-full\" alt=\"\" srcset=\"https:\/\/archive.sana.sy\/tr\/wp-content\/uploads\/2018\/07\/photo_2018-07-07_15-41-20.jpg 1200w, https:\/\/archive.sana.sy\/tr\/wp-content\/uploads\/2018\/07\/photo_2018-07-07_15-41-20-150x82.jpg 150w, https:\/\/archive.sana.sy\/tr\/wp-content\/uploads\/2018\/07\/photo_2018-07-07_15-41-20-300x163.jpg 300w, https:\/\/archive.sana.sy\/tr\/wp-content\/uploads\/2018\/07\/photo_2018-07-07_15-41-20-768x418.jpg 768w, https:\/\/archive.sana.sy\/tr\/wp-content\/uploads\/2018\/07\/photo_2018-07-07_15-41-20-1024x557.jpg 1024w\" sizes=\"auto, (max-width: 1200px) 100vw, 1200px\" \/><\/a>\n\t\t\t<\/div><\/figure>\n\t\t<\/div>\n\n","protected":false},"excerpt":{"rendered":"<p>DERA \u2013 Dera k\u0131rsal\u0131nda ordu birliklerimizin ter\u00f6rden kurtard\u0131klar\u0131 Do\u011fu Kerk Beldesinde kalabal\u0131k halk kitleleri d\u00fczenledikleri faaliyette ordu birliklerimize desteklerini vurgulad\u0131. D\u0131\u015f g\u00fc\u00e7lerin edat olarak kulland\u0131klar\u0131 kiral\u0131k ve radikal ter\u00f6r \u00e7etelerinden kurtulu\u015flar\u0131n\u0131 Suriye bayra\u011f\u0131 ve Cumhurba\u015fkan\u0131 Be\u015f\u015far el Esad\u2019\u0131n foto\u011fraflar\u0131yla kutlayan belde halk\u0131, Suriye ordusunun kendilerini kiral\u0131k ter\u00f6ristlerden kurtaraca\u011f\u0131ndan hi\u00e7bir zaman \u00fcmitlerini kesmediklerini ifade etti. Belde &hellip;<\/p>\n","protected":false},"author":1,"featured_media":153858,"comment_status":"closed","ping_status":"closed","sticky":false,"template":"","format":"standard","meta":{"footnotes":""},"categories":[596,479,17988,478],"tags":[1295,16591,13043,11549,19034,22181],"class_list":["post-153847","post","type-post","status-publish","format-standard","has-post-thumbnail","","category-fotografli-raporlar","category-haberler-yerel","category-son-haberler","category-yerel","tag-dera","tag-suriye","tag-suriye-halki","tag-suriye-ordusu","tag-suriyeli-muhalifler","tag-suriyeliler"],"_links":{"self":[{"href":"https:\/\/archive.sana.sy\/tr\/index.php?rest_route=\/wp\/v2\/posts\/153847","targetHints":{"allow":["GET"]}}],"collection":[{"href":"https:\/\/archive.sana.sy\/tr\/index.php?rest_route=\/wp\/v2\/posts"}],"about":[{"href":"https:\/\/archive.sana.sy\/tr\/index.php?rest_route=\/wp\/v2\/types\/post"}],"author":[{"embeddable":true,"href":"https:\/\/archive.sana.sy\/tr\/index.php?rest_route=\/wp\/v2\/users\/1"}],"replies":[{"embeddable":true,"href":"https:\/\/archive.sana.sy\/tr\/index.php?rest_route=%2Fwp%2Fv2%2Fcomments&post=153847"}],"version-history":[{"count":0,"href":"https:\/\/archive.sana.sy\/tr\/index.php?rest_route=\/wp\/v2\/posts\/153847\/revisions"}],"wp:featuredmedia":[{"embeddable":true,"href":"https:\/\/archive.sana.sy\/tr\/index.php?rest_route=\/wp\/v2\/media\/153858"}],"wp:attachment":[{"href":"https:\/\/archive.sana.sy\/tr\/index.php?rest_route=%2Fwp%2Fv2%2Fmedia&parent=153847"}],"wp:term":[{"taxonomy":"category","embeddable":true,"href":"https:\/\/archive.sana.sy\/tr\/index.php?rest_route=%2Fwp%2Fv2%2Fcategories&post=153847"},{"taxonomy":"post_tag","embeddable":true,"href":"https:\/\/archive.sana.sy\/tr\/index.php?rest_route=%2Fwp%2Fv2%2Ftags&post=153847"}],"curies":[{"name":"wp","href":"https:\/\/api.w.org\/{rel}","templated":true}]}}