{"id":15393,"date":"2014-11-12T12:17:19","date_gmt":"2014-11-12T10:17:19","guid":{"rendered":"http:\/\/www.sana.sy\/tr\/?p=15393"},"modified":"2014-11-12T12:17:19","modified_gmt":"2014-11-12T10:17:19","slug":"tekritin-kuzeyi-ve-enbarda-30dan-fazla-isid-teroristi-olduruldu","status":"publish","type":"post","link":"https:\/\/archive.sana.sy\/tr\/?p=15393","title":{"rendered":"Tekrit\u2019in Kuzeyi ve Enbar\u2019da 30\u2019dan Fazla I\u015e\u0130D Ter\u00f6risti \u00d6ld\u00fcr\u00fcld\u00fc"},"content":{"rendered":"<p>BA\u011eDAT \u2013 Irak g\u00fcvenlik g\u00fc\u00e7leri bug\u00fcn Salahuddin kentindeki Tekrit\u2019in kuzeyinde d\u00fczenledi\u011fi askeri operasyonda, aralar\u0131nda s\u00f6zde Biji Valisi adl\u0131 ter\u00f6ristin de bulundu\u011fu 19 I\u015e\u0130D ter\u00f6risti, Enbar Kenti Felluce\u2019de de u\u00e7ak bombard\u0131manlar\u0131 sonucunda aralar\u0131nda s\u00f6zde Felluce Valisi ve yard\u0131mc\u0131s\u0131n\u0131n bulundu\u011fu 12 ter\u00f6risti daha \u00f6ld\u00fcrd\u00fc.<\/p>\n<p>Irak enformasyon \u015febekesi Salahuddin kentindeki g\u00fcvenlik kaynaklar\u0131nda naklen, g\u00fcvenlik g\u00fc\u00e7lerinin s\u00f6zde Biji Valisi ter\u00f6rist H\u0131d\u0131r el Bettal ile 18 ter\u00f6risti \u00f6ld\u00fcrd\u00fcklerini s\u00f6yledi.<\/p>\n<p>Enbar\u2019da da ad\u0131n\u0131n a\u00e7\u0131klanmas\u0131n\u0131 istemeyen bir g\u00fcvenlik kayna\u011f\u0131, Felluce\u2019de Irak hava bombard\u0131man\u0131 sonucunda \u00f6rg\u00fcte tabi bir evi hedef almalar\u0131yla aralar\u0131nda s\u00f6zde Felluce Valisi Davut Alvani ile Abu Eymen lakapl\u0131 askeri yard\u0131mc\u0131s\u0131n\u0131n bulundu\u011fu I\u015e\u0130D ter\u00f6r \u00f6rg\u00fct\u00fcnden 12 ter\u00f6ristin \u00f6ld\u00fc\u011f\u00fcn\u00fc ilan etti.<\/p>\n<p>Kaynak, bombard\u0131man sonucunda ayr\u0131ca a\u011f\u0131r taramal\u0131 silahlarla donat\u0131lm\u0131\u015f 2 ara\u00e7lar\u0131n\u0131n da imha edildi\u011fini ifade etti.<\/p>\n<p>Kaynak, Irak ordusu u\u00e7aklar\u0131n\u0131n bug\u00fcn g\u00fcvenlik g\u00fc\u00e7lerini hedef almak i\u00e7in Biji Kazas\u0131na do\u011fru y\u00f6nelen bomba d\u00fczenekleri yerle\u015ftirilmi\u015f ve intihar eylemcilerinin s\u00fcrd\u00fc\u011f\u00fc 3 arac\u0131 imha etti\u011fini ekledi.<\/p>\n<p>\u00d6te yandan yetkili bir g\u00fcvenlik kayna\u011f\u0131, uluslararas\u0131 koalisyon u\u00e7aklar\u0131n\u0131n bu sabah Biji kazas\u0131nda I\u015e\u0130D mevkilerine y\u00f6nelik d\u00fczenledi\u011fi hava sald\u0131r\u0131lar\u0131 sonucunda\u00a0 68 ter\u00f6ristin \u00f6ld\u00fc\u011f\u00fcne, ellerinde bulunan ve g\u00fcvenlik g\u00fc\u00e7lerine kar\u015f\u0131 kulland\u0131klar\u0131 silah ve te\u00e7hizatlar\u0131 da imha ettiklerini s\u00f6yledi.<\/p>\n","protected":false},"excerpt":{"rendered":"<p>BA\u011eDAT \u2013 Irak g\u00fcvenlik g\u00fc\u00e7leri bug\u00fcn Salahuddin kentindeki Tekrit\u2019in kuzeyinde d\u00fczenledi\u011fi askeri operasyonda, aralar\u0131nda s\u00f6zde Biji Valisi adl\u0131 ter\u00f6ristin de bulundu\u011fu 19 I\u015e\u0130D ter\u00f6risti, Enbar Kenti Felluce\u2019de de u\u00e7ak bombard\u0131manlar\u0131 sonucunda aralar\u0131nda s\u00f6zde Felluce Valisi ve yard\u0131mc\u0131s\u0131n\u0131n bulundu\u011fu 12 ter\u00f6risti daha \u00f6ld\u00fcrd\u00fc. Irak enformasyon \u015febekesi Salahuddin kentindeki g\u00fcvenlik kaynaklar\u0131nda naklen, g\u00fcvenlik g\u00fc\u00e7lerinin s\u00f6zde Biji Valisi &hellip;<\/p>\n","protected":false},"author":1,"featured_media":15394,"comment_status":"closed","ping_status":"closed","sticky":false,"template":"","format":"standard","meta":{"footnotes":""},"categories":[458,459,447],"tags":[5665],"class_list":["post-15393","post","type-post","status-publish","format-standard","has-post-thumbnail","","category-dunya1","category-haberler-arap-uluslararasi-politika","category-politika","tag-tekritin-kuzeyi-ve-enbarda-30dan-fazla-isid-teroristi-olduruldu"],"_links":{"self":[{"href":"https:\/\/archive.sana.sy\/tr\/index.php?rest_route=\/wp\/v2\/posts\/15393","targetHints":{"allow":["GET"]}}],"collection":[{"href":"https:\/\/archive.sana.sy\/tr\/index.php?rest_route=\/wp\/v2\/posts"}],"about":[{"href":"https:\/\/archive.sana.sy\/tr\/index.php?rest_route=\/wp\/v2\/types\/post"}],"author":[{"embeddable":true,"href":"https:\/\/archive.sana.sy\/tr\/index.php?rest_route=\/wp\/v2\/users\/1"}],"replies":[{"embeddable":true,"href":"https:\/\/archive.sana.sy\/tr\/index.php?rest_route=%2Fwp%2Fv2%2Fcomments&post=15393"}],"version-history":[{"count":0,"href":"https:\/\/archive.sana.sy\/tr\/index.php?rest_route=\/wp\/v2\/posts\/15393\/revisions"}],"wp:featuredmedia":[{"embeddable":true,"href":"https:\/\/archive.sana.sy\/tr\/index.php?rest_route=\/wp\/v2\/media\/15394"}],"wp:attachment":[{"href":"https:\/\/archive.sana.sy\/tr\/index.php?rest_route=%2Fwp%2Fv2%2Fmedia&parent=15393"}],"wp:term":[{"taxonomy":"category","embeddable":true,"href":"https:\/\/archive.sana.sy\/tr\/index.php?rest_route=%2Fwp%2Fv2%2Fcategories&post=15393"},{"taxonomy":"post_tag","embeddable":true,"href":"https:\/\/archive.sana.sy\/tr\/index.php?rest_route=%2Fwp%2Fv2%2Ftags&post=15393"}],"curies":[{"name":"wp","href":"https:\/\/api.w.org\/{rel}","templated":true}]}}