{"id":153955,"date":"2018-07-08T15:00:39","date_gmt":"2018-07-08T12:00:39","guid":{"rendered":"https:\/\/www.sana.sy\/tr\/?p=153955"},"modified":"2018-07-09T14:27:04","modified_gmt":"2018-07-09T11:27:04","slug":"kuba-katki-saglayacak-her-adimi-destekleyecek","status":"publish","type":"post","link":"https:\/\/archive.sana.sy\/tr\/?p=153955","title":{"rendered":"K\u00fcba Katk\u0131 Sa\u011flayacak Her Ad\u0131m\u0131 Destekleyecek"},"content":{"rendered":"<p>HAVANA \u2013 K\u00fcba Kom\u00fcnist Partisi merkez komitesinde uluslar aras\u0131 ili\u015fkiler departman\u0131 ba\u015fkan\u0131 Jose Ramon Balaguer; \u00fclkesinin Suriye ile ili\u015fkilerin peki\u015ftirilmesine katk\u0131 sa\u011flayacak herhangi bir ad\u0131m ve faaliyeti g\u00fc\u00e7l\u00fc bir \u015fekilde destekleyece\u011fini belirtti.<\/p>\n<p>K\u00fcba\u2019ya i\u015f ziyaretinde bulunan Sa\u011fl\u0131k Bakan\u0131 Nizar Yaz\u0131c\u0131 ile bug\u00fcn ba\u015fkent Havana\u2019da parti merkezinde bir araya gelen Balaguer; Suriye&#8217;nin ter\u00f6r ve destek\u00e7ilerine \u015fanl\u0131 bir zafer kazanaca\u011f\u0131ndan hi\u00e7bir ku\u015fkusu olmad\u0131\u011f\u0131n\u0131 ifade etti.<\/p>\n<p>Balaguer; sadece kendini de\u011fil, d\u00fcnyan\u0131n t\u00fcm halklar\u0131n\u0131 savunan Suriye&#8217;nin y\u0131llard\u0131r ter\u00f6r ve destek\u00e7ilerine kar\u015f\u0131 verdi\u011fi \u015fanl\u0131 m\u00fccadelenin takdire \u015fayan oldu\u011funu kaydetti.<\/p>\n<p>G\u00f6r\u00fc\u015fmede Bakan Yaz\u0131c\u0131 dostane tutumlar\u0131 ve deste\u011finden dolay\u0131 K\u00fcba\u2019ya \u015f\u00fckran ve takdirlerini ifade etti.<\/p>\n","protected":false},"excerpt":{"rendered":"<p>HAVANA \u2013 K\u00fcba Kom\u00fcnist Partisi merkez komitesinde uluslar aras\u0131 ili\u015fkiler departman\u0131 ba\u015fkan\u0131 Jose Ramon Balaguer; \u00fclkesinin Suriye ile ili\u015fkilerin peki\u015ftirilmesine katk\u0131 sa\u011flayacak herhangi bir ad\u0131m ve faaliyeti g\u00fc\u00e7l\u00fc bir \u015fekilde destekleyece\u011fini belirtti. K\u00fcba\u2019ya i\u015f ziyaretinde bulunan Sa\u011fl\u0131k Bakan\u0131 Nizar Yaz\u0131c\u0131 ile bug\u00fcn ba\u015fkent Havana\u2019da parti merkezinde bir araya gelen Balaguer; Suriye&#8217;nin ter\u00f6r ve destek\u00e7ilerine \u015fanl\u0131 &hellip;<\/p>\n","protected":false},"author":1,"featured_media":153956,"comment_status":"closed","ping_status":"closed","sticky":false,"template":"","format":"standard","meta":{"footnotes":""},"categories":[458,459,17988],"tags":[33191,36798,7129,18614,16895,16591,2442],"class_list":["post-153955","post","type-post","status-publish","format-standard","has-post-thumbnail","","category-dunya1","category-haberler-arap-uluslararasi-politika","category-son-haberler","tag-havana","tag-jose-ramon-balaguer","tag-kuba","tag-kuba-komunist-partisi","tag-saglik-bakani-nizar-yazici","tag-suriye","tag-teror"],"_links":{"self":[{"href":"https:\/\/archive.sana.sy\/tr\/index.php?rest_route=\/wp\/v2\/posts\/153955","targetHints":{"allow":["GET"]}}],"collection":[{"href":"https:\/\/archive.sana.sy\/tr\/index.php?rest_route=\/wp\/v2\/posts"}],"about":[{"href":"https:\/\/archive.sana.sy\/tr\/index.php?rest_route=\/wp\/v2\/types\/post"}],"author":[{"embeddable":true,"href":"https:\/\/archive.sana.sy\/tr\/index.php?rest_route=\/wp\/v2\/users\/1"}],"replies":[{"embeddable":true,"href":"https:\/\/archive.sana.sy\/tr\/index.php?rest_route=%2Fwp%2Fv2%2Fcomments&post=153955"}],"version-history":[{"count":0,"href":"https:\/\/archive.sana.sy\/tr\/index.php?rest_route=\/wp\/v2\/posts\/153955\/revisions"}],"wp:featuredmedia":[{"embeddable":true,"href":"https:\/\/archive.sana.sy\/tr\/index.php?rest_route=\/wp\/v2\/media\/153956"}],"wp:attachment":[{"href":"https:\/\/archive.sana.sy\/tr\/index.php?rest_route=%2Fwp%2Fv2%2Fmedia&parent=153955"}],"wp:term":[{"taxonomy":"category","embeddable":true,"href":"https:\/\/archive.sana.sy\/tr\/index.php?rest_route=%2Fwp%2Fv2%2Fcategories&post=153955"},{"taxonomy":"post_tag","embeddable":true,"href":"https:\/\/archive.sana.sy\/tr\/index.php?rest_route=%2Fwp%2Fv2%2Ftags&post=153955"}],"curies":[{"name":"wp","href":"https:\/\/api.w.org\/{rel}","templated":true}]}}