{"id":15400,"date":"2014-11-12T12:59:40","date_gmt":"2014-11-12T10:59:40","guid":{"rendered":"http:\/\/www.sana.sy\/tr\/?p=15400"},"modified":"2014-11-12T12:59:40","modified_gmt":"2014-11-12T10:59:40","slug":"suriyeli-gencler-yillik-hayir-toreninde-vatanlari-folklorundan-kesitlerle-surpriz-yaptilar","status":"publish","type":"post","link":"https:\/\/archive.sana.sy\/tr\/?p=15400","title":{"rendered":"Suriyeli Gen\u00e7ler Y\u0131ll\u0131k Hay\u0131r T\u00f6reninde Vatanlar\u0131 Folklorundan Kesitlerle S\u00fcrpriz Yapt\u0131lar"},"content":{"rendered":"<p>FLOR\u0130DA \u2013 Amerika\u2019n\u0131n Florida Kentinde ya\u015fayan Suriyeli gurbet\u00e7i evlatlar\u0131ndan bir gen\u00e7 grup Jacksnfel \u015fehrindeki Aziz Efrem S\u00fcryani Katolik Kilisesinde d\u00fczenlenen y\u0131ll\u0131k hay\u0131r partisi s\u0131ras\u0131nda Suriye Folklorundan danslar sunarak Arap gurbet\u00e7ileri danslar\u0131yla b\u00fcy\u00fclediler.<\/p>\n<p>SANA\u2019ya a\u00e7\u0131klamas\u0131nda gen\u00e7 Suriyeli k\u0131z Dina Yaz\u0131c\u0131:\u201cGurbette do\u011fdu\u011fumuz ve ya\u015fad\u0131\u011f\u0131m\u0131z do\u011frudur ancak, kan\u0131m\u0131z, d\u00fc\u015f\u00fcncemiz adet ve g\u00f6reneklerimizin Suriyeliden ba\u015fka olmas\u0131 m\u00fcmk\u00fcn de\u011fildir\u201d dedi.<\/p>\n<p>Yaz\u0131c\u0131, \u201cDabke\u201d ad\u0131yla bilinen halk oyununu oynarken, d\u00fcnyaya sanat ve k\u00fclt\u00fcr\u00fc getiren Suriyeli topra\u011f\u0131m\u0131z\u0131n uygarl\u0131\u011f\u0131na tabi olan bu asil ve k\u00f6kl\u00fc gelene\u011fe ba\u011fl\u0131 olmaktan gurur duydu\u011funu ifade etti.<\/p>\n<p>Yaz\u0131c\u0131, tiyatro sahnesinin Suriye ve Arap \u00fclkelerinden karde\u015flerinin ayr\u0131nt\u0131lar\u0131n\u0131 tasavvur eden k\u00fc\u00e7\u00fclt\u00fclm\u00fc\u015f bir kitlesel portre gibi oldu\u011funu, d\u00fcnyaya bizi bir araya getiren ve bizleri gurbette birle\u015ftiren bir \u00e7ok etmenin bulundu\u011funu s\u00f6yleyen bir mesaj\u0131n bulundu\u011funu ekledi.<\/p>\n<p>Kilise\u2019de d\u00fczenlenen partide g\u00f6n\u00fcll\u00fc Suriyeli gen\u00e7lerin yan\u0131 s\u0131ra Irak, Filistin, L\u00fcbnan ve \u00dcrd\u00fcn\u2019den Arap gen\u00e7lerinin de kat\u0131ld\u0131\u011f\u0131 bu folklorik oyunlarla g\u00fczel bir sanat portresi \u00e7izerek izleyenlerin be\u011fenisine haiz olarak Kilise\u2019de uzun s\u00fcre alk\u0131\u015fland\u0131lar.<\/p>\n","protected":false},"excerpt":{"rendered":"<p>FLOR\u0130DA \u2013 Amerika\u2019n\u0131n Florida Kentinde ya\u015fayan Suriyeli gurbet\u00e7i evlatlar\u0131ndan bir gen\u00e7 grup Jacksnfel \u015fehrindeki Aziz Efrem S\u00fcryani Katolik Kilisesinde d\u00fczenlenen y\u0131ll\u0131k hay\u0131r partisi s\u0131ras\u0131nda Suriye Folklorundan danslar sunarak Arap gurbet\u00e7ileri danslar\u0131yla b\u00fcy\u00fclediler. SANA\u2019ya a\u00e7\u0131klamas\u0131nda gen\u00e7 Suriyeli k\u0131z Dina Yaz\u0131c\u0131:\u201cGurbette do\u011fdu\u011fumuz ve ya\u015fad\u0131\u011f\u0131m\u0131z do\u011frudur ancak, kan\u0131m\u0131z, d\u00fc\u015f\u00fcncemiz adet ve g\u00f6reneklerimizin Suriyeliden ba\u015fka olmas\u0131 m\u00fcmk\u00fcn de\u011fildir\u201d dedi. &hellip;<\/p>\n","protected":false},"author":1,"featured_media":15401,"comment_status":"closed","ping_status":"closed","sticky":false,"template":"","format":"standard","meta":{"footnotes":""},"categories":[1],"tags":[5671,5669,5667,5672,5670,5668],"class_list":["post-15400","post","type-post","status-publish","format-standard","has-post-thumbnail","","category-news-not-sorted","tag-folklorundan-kesitlerle","tag-hayir-toreninde","tag-suriyeli-gencler","tag-surpriz-yaptilar","tag-vatanlari","tag-yillik"],"_links":{"self":[{"href":"https:\/\/archive.sana.sy\/tr\/index.php?rest_route=\/wp\/v2\/posts\/15400","targetHints":{"allow":["GET"]}}],"collection":[{"href":"https:\/\/archive.sana.sy\/tr\/index.php?rest_route=\/wp\/v2\/posts"}],"about":[{"href":"https:\/\/archive.sana.sy\/tr\/index.php?rest_route=\/wp\/v2\/types\/post"}],"author":[{"embeddable":true,"href":"https:\/\/archive.sana.sy\/tr\/index.php?rest_route=\/wp\/v2\/users\/1"}],"replies":[{"embeddable":true,"href":"https:\/\/archive.sana.sy\/tr\/index.php?rest_route=%2Fwp%2Fv2%2Fcomments&post=15400"}],"version-history":[{"count":0,"href":"https:\/\/archive.sana.sy\/tr\/index.php?rest_route=\/wp\/v2\/posts\/15400\/revisions"}],"wp:featuredmedia":[{"embeddable":true,"href":"https:\/\/archive.sana.sy\/tr\/index.php?rest_route=\/wp\/v2\/media\/15401"}],"wp:attachment":[{"href":"https:\/\/archive.sana.sy\/tr\/index.php?rest_route=%2Fwp%2Fv2%2Fmedia&parent=15400"}],"wp:term":[{"taxonomy":"category","embeddable":true,"href":"https:\/\/archive.sana.sy\/tr\/index.php?rest_route=%2Fwp%2Fv2%2Fcategories&post=15400"},{"taxonomy":"post_tag","embeddable":true,"href":"https:\/\/archive.sana.sy\/tr\/index.php?rest_route=%2Fwp%2Fv2%2Ftags&post=15400"}],"curies":[{"name":"wp","href":"https:\/\/api.w.org\/{rel}","templated":true}]}}