{"id":15405,"date":"2014-11-12T15:05:16","date_gmt":"2014-11-12T13:05:16","guid":{"rendered":"http:\/\/www.sana.sy\/tr\/?p=15405"},"modified":"2014-11-13T16:08:12","modified_gmt":"2014-11-13T14:08:12","slug":"iliman-muhalifler-bir-cocuk-katliamina-daha-imza-attilar","status":"publish","type":"post","link":"https:\/\/archive.sana.sy\/tr\/?p=15405","title":{"rendered":"\u2018Il\u0131man Muhalifler\u2019 Bir \u00c7ocuk Katliam\u0131na Daha \u0130mza Att\u0131lar"},"content":{"rendered":"<p>HAMA &#8211; \u015eAM KIRSALI \u2013 \u2018Il\u0131man muhalifler\u2019 olarak adland\u0131r\u0131lan ter\u00f6r \u00e7etelerinin bug\u00fcn Hama iline tabi Maharde B\u00f6lgesinin Kernaz Beldesindeki \u0130lk\u00f6\u011fretim Okulunu iki f\u00fczeyle hedef almalar\u0131 sonucunda okul \u00f6\u011frencilerinden 7 \u00e7ocuk \u015fehit d\u00fc\u015ft\u00fcler.<\/p>\n<p>Hama \u0130l Emniyet M\u00fcd\u00fcrl\u00fc\u011f\u00fcnde bir kaynak hain ve korkak ter\u00f6r sald\u0131r\u0131s\u0131nda 4 ilk\u00f6\u011fretim \u00f6\u011frencisinin de yaraland\u0131\u011f\u0131n\u0131, okul binas\u0131n\u0131n b\u00fcy\u00fck maddi hasara u\u011frad\u0131\u011f\u0131n\u0131 aktard\u0131.<\/p>\n<p>\u015eehit ve yaral\u0131 \u00e7ocuklar\u0131n kald\u0131r\u0131ld\u0131\u011f\u0131 Skaylbiye Devlet Hastanesinde t\u0131bbi bir kaynak, korkak ve gaddar ter\u00f6r sald\u0131r\u0131s\u0131 sonucunda \u015fehit ve yaral\u0131 d\u00fc\u015fen t\u00fcm \u00e7ocuklar\u0131n 12 ya\u015f alt\u0131nda olduklar\u0131na dikkat \u00e7ekti.<\/p>\n<p>Bu arada Hama k\u0131rsal\u0131nda Mharde\u2019nin kuzeybat\u0131s\u0131nda Hama Kentinden yakla\u015f\u0131k 45 km uzakl\u0131kta d\u00fc\u015fen Kernaz Beldesi \u2018\u0131l\u0131man muhalifler\u2019 olarak adland\u0131r\u0131lan ter\u00f6r \u00e7etelerin yo\u011fun bir \u015fekilde bulunduklar\u0131 Kefar Nabbuda ve Kefar Zeyta beldelerine yak\u0131n bir beldedir.<\/p>\n<div id='gallery-1' class='gallery galleryid-15405 gallery-columns-3 gallery-size-thumbnail'><figure class='gallery-item'>\n\t\t\t<div class='gallery-icon landscape'>\n\t\t\t\t<a href='https:\/\/archive.sana.sy\/tr\/wp-content\/uploads\/2014\/11\/Snap2014-11-12-18h37m37s100.jpg'><img loading=\"lazy\" decoding=\"async\" width=\"150\" height=\"84\" src=\"https:\/\/archive.sana.sy\/tr\/wp-content\/uploads\/2014\/11\/Snap2014-11-12-18h37m37s100-150x84.jpg\" class=\"attachment-thumbnail size-thumbnail\" alt=\"\" srcset=\"https:\/\/archive.sana.sy\/tr\/wp-content\/uploads\/2014\/11\/Snap2014-11-12-18h37m37s100-150x84.jpg 150w, https:\/\/archive.sana.sy\/tr\/wp-content\/uploads\/2014\/11\/Snap2014-11-12-18h37m37s100-300x168.jpg 300w, https:\/\/archive.sana.sy\/tr\/wp-content\/uploads\/2014\/11\/Snap2014-11-12-18h37m37s100.jpg 715w\" sizes=\"auto, (max-width: 150px) 100vw, 150px\" \/><\/a>\n\t\t\t<\/div><\/figure><figure class='gallery-item'>\n\t\t\t<div class='gallery-icon landscape'>\n\t\t\t\t<a href='https:\/\/archive.sana.sy\/tr\/wp-content\/uploads\/2014\/11\/Snap2014-11-12-18h37m41s143.jpg'><img loading=\"lazy\" decoding=\"async\" width=\"150\" height=\"85\" src=\"https:\/\/archive.sana.sy\/tr\/wp-content\/uploads\/2014\/11\/Snap2014-11-12-18h37m41s143-150x85.jpg\" class=\"attachment-thumbnail size-thumbnail\" alt=\"\" srcset=\"https:\/\/archive.sana.sy\/tr\/wp-content\/uploads\/2014\/11\/Snap2014-11-12-18h37m41s143-150x85.jpg 150w, https:\/\/archive.sana.sy\/tr\/wp-content\/uploads\/2014\/11\/Snap2014-11-12-18h37m41s143-300x170.jpg 300w, https:\/\/archive.sana.sy\/tr\/wp-content\/uploads\/2014\/11\/Snap2014-11-12-18h37m41s143.jpg 729w\" sizes=\"auto, (max-width: 150px) 100vw, 150px\" \/><\/a>\n\t\t\t<\/div><\/figure><figure class='gallery-item'>\n\t\t\t<div class='gallery-icon landscape'>\n\t\t\t\t<a href='https:\/\/archive.sana.sy\/tr\/wp-content\/uploads\/2014\/11\/Snap2014-11-12-18h38m01s86.jpg'><img loading=\"lazy\" decoding=\"async\" width=\"150\" height=\"114\" src=\"https:\/\/archive.sana.sy\/tr\/wp-content\/uploads\/2014\/11\/Snap2014-11-12-18h38m01s86-150x114.jpg\" class=\"attachment-thumbnail size-thumbnail\" alt=\"\" srcset=\"https:\/\/archive.sana.sy\/tr\/wp-content\/uploads\/2014\/11\/Snap2014-11-12-18h38m01s86-150x114.jpg 150w, https:\/\/archive.sana.sy\/tr\/wp-content\/uploads\/2014\/11\/Snap2014-11-12-18h38m01s86-300x228.jpg 300w, https:\/\/archive.sana.sy\/tr\/wp-content\/uploads\/2014\/11\/Snap2014-11-12-18h38m01s86.jpg 516w\" sizes=\"auto, (max-width: 150px) 100vw, 150px\" \/><\/a>\n\t\t\t<\/div><\/figure>\n\t\t<\/div>\n\n<p><span style=\"color: #0000ff\">El Vafidin Kamp\u0131na Havanl\u0131 Ter\u00f6r Sald\u0131r\u0131s\u0131nda Bir \u00c7ocuk Yaraland\u0131<\/span><\/p>\n<p>\u00d6te yandan \u015eam K\u0131rsal\u0131 el Vafidin Kamp\u0131nda ter\u00f6ristlerin f\u0131rlatt\u0131klar\u0131 havan roketinin d\u00fc\u015fmesi sonucunda bir \u00e7ocuk yaraland\u0131.<\/p>\n<p>\u0130l Emniyet M\u00fcd\u00fcrl\u00fc\u011f\u00fcnde bir kaynak SANA muhabirine a\u00e7\u0131klamas\u0131nda, ter\u00f6ristlerin \u015eam\u2019\u0131n kuzey do\u011fusundaki el Vafidin kamp\u0131 el Mecd Dahiyesini\u00a0 3 havan roketiyle hedef amalar\u0131 sonucunda\u00a0 bir \u00e7ocu\u011fun yaralanmas\u0131na olay yerinde de maddi zararlara yol a\u00e7t\u0131\u011f\u0131n\u0131 s\u00f6yledi.<\/p>\n<p>Silahl\u0131 ter\u00f6r \u00f6rg\u00fctlerinin tekrarlana gelen sald\u0131r\u0131lar\u0131 \u00e7er\u00e7evesinde 27 Ekim tarihinde de ter\u00f6ristlerin f\u0131rlatt\u0131klar\u0131 havan roketi bir eve d\u00fc\u015fm\u00fc\u015f, bunun sonucunda ev sahibi ve e\u015finin yaralanmas\u0131na evde de b\u00fcy\u00fck zararlara yol a\u00e7m\u0131\u015ft\u0131.<\/p>\n","protected":false},"excerpt":{"rendered":"<p>HAMA &#8211; \u015eAM KIRSALI \u2013 \u2018Il\u0131man muhalifler\u2019 olarak adland\u0131r\u0131lan ter\u00f6r \u00e7etelerinin bug\u00fcn Hama iline tabi Maharde B\u00f6lgesinin Kernaz Beldesindeki \u0130lk\u00f6\u011fretim Okulunu iki f\u00fczeyle hedef almalar\u0131 sonucunda okul \u00f6\u011frencilerinden 7 \u00e7ocuk \u015fehit d\u00fc\u015ft\u00fcler. Hama \u0130l Emniyet M\u00fcd\u00fcrl\u00fc\u011f\u00fcnde bir kaynak hain ve korkak ter\u00f6r sald\u0131r\u0131s\u0131nda 4 ilk\u00f6\u011fretim \u00f6\u011frencisinin de yaraland\u0131\u011f\u0131n\u0131, okul binas\u0131n\u0131n b\u00fcy\u00fck maddi hasara u\u011frad\u0131\u011f\u0131n\u0131 aktard\u0131. &hellip;<\/p>\n","protected":false},"author":1,"featured_media":15495,"comment_status":"closed","ping_status":"closed","sticky":false,"template":"","format":"standard","meta":{"footnotes":""},"categories":[575],"tags":[5673,5675,5674],"class_list":["post-15405","post","type-post","status-publish","format-standard","has-post-thumbnail","","category-olaylar-ve-gercekler","tag-iliman-muhalifler-bir-cocuk-katliamina-daha-imza-attilar-hama-iliman-muhalifler-olarak-adlandirilan-teror-cetelerinin-bugun-hama-iline-tabi-mharde-bolgesi","tag-korkak-ve-gaddar-teror-saldirisi-sonucunda-sehit-ve-yarali-dusen-tum-cocuklarin-12-yas-altinda-olduklarina-dikkat-cekti-bu-arada-hama-kirsalinda-mhardenin-kuzeybatisinda-hama-kentinden-yakla","tag-okul-binasinin-buyuk-maddi-hasara-ugradigini-aktardi-sehit-ve-yarali-cocuklarin-kaldirildigi-skaylbiye-devlet-hastanesinde-tibbi-bir-kaynak"],"_links":{"self":[{"href":"https:\/\/archive.sana.sy\/tr\/index.php?rest_route=\/wp\/v2\/posts\/15405","targetHints":{"allow":["GET"]}}],"collection":[{"href":"https:\/\/archive.sana.sy\/tr\/index.php?rest_route=\/wp\/v2\/posts"}],"about":[{"href":"https:\/\/archive.sana.sy\/tr\/index.php?rest_route=\/wp\/v2\/types\/post"}],"author":[{"embeddable":true,"href":"https:\/\/archive.sana.sy\/tr\/index.php?rest_route=\/wp\/v2\/users\/1"}],"replies":[{"embeddable":true,"href":"https:\/\/archive.sana.sy\/tr\/index.php?rest_route=%2Fwp%2Fv2%2Fcomments&post=15405"}],"version-history":[{"count":0,"href":"https:\/\/archive.sana.sy\/tr\/index.php?rest_route=\/wp\/v2\/posts\/15405\/revisions"}],"wp:featuredmedia":[{"embeddable":true,"href":"https:\/\/archive.sana.sy\/tr\/index.php?rest_route=\/wp\/v2\/media\/15495"}],"wp:attachment":[{"href":"https:\/\/archive.sana.sy\/tr\/index.php?rest_route=%2Fwp%2Fv2%2Fmedia&parent=15405"}],"wp:term":[{"taxonomy":"category","embeddable":true,"href":"https:\/\/archive.sana.sy\/tr\/index.php?rest_route=%2Fwp%2Fv2%2Fcategories&post=15405"},{"taxonomy":"post_tag","embeddable":true,"href":"https:\/\/archive.sana.sy\/tr\/index.php?rest_route=%2Fwp%2Fv2%2Ftags&post=15405"}],"curies":[{"name":"wp","href":"https:\/\/api.w.org\/{rel}","templated":true}]}}