{"id":154580,"date":"2018-07-14T11:15:42","date_gmt":"2018-07-14T08:15:42","guid":{"rendered":"http:\/\/www.sana.sy\/tr\/?p=154580"},"modified":"2018-07-14T13:38:04","modified_gmt":"2018-07-14T10:38:04","slug":"cin-suriyedeki-kriz-konusunda-tutumunu-yineledi","status":"publish","type":"post","link":"https:\/\/archive.sana.sy\/tr\/?p=154580","title":{"rendered":"\u00c7in Suriye&#8217;deki Kriz Konusunda Tutumunu Yineledi"},"content":{"rendered":"<p>PEK\u0130N \u2013 \u00c7in bug\u00fcn; Suriye&#8217;deki krizin siyasi yollardan ba\u015fka \u00e7\u00f6z\u00fcm yolu olmad\u0131\u011f\u0131n\u0131 ve Suriye&#8217;nin gelece\u011finin herhangi bir d\u0131\u015f m\u00fcdahale olmaks\u0131z\u0131n Suriyeliler taraf\u0131ndan olmas\u0131 gere\u011fini bir kez daha ifade etti.<\/p>\n<p>\u00c7in iktidar partisi merkez komitesinde siyasi ofis \u00fcyesi ve d\u0131\u015f ili\u015fkilerden sorumlu merkez komite sekreteri Yang Jiechi bug\u00fcn Pekin\u2019de d\u00fczenlenen 7. Uluslararas\u0131 Bar\u0131\u015f konferans\u0131nda \u00fclkesinin Suriye krizindeki vizyon ve tutumunu bir kez daha kaydetti.<\/p>\n<p>Yang Suriye&#8217;deki krizin mutlaka siyasi yollarla ve Suriyelilerin kendi aralar\u0131nda olmas\u0131 gere\u011fini kaydederken, Suriye&#8217;nin egemenli\u011fi ve toprak b\u00fct\u00fcnl\u00fc\u011f\u00fcne sayg\u0131 g\u00f6sterilip korunmas\u0131 \u00f6neminin alt\u0131n\u0131 \u00e7izdi.<\/p>\n","protected":false},"excerpt":{"rendered":"<p>PEK\u0130N \u2013 \u00c7in bug\u00fcn; Suriye&#8217;deki krizin siyasi yollardan ba\u015fka \u00e7\u00f6z\u00fcm yolu olmad\u0131\u011f\u0131n\u0131 ve Suriye&#8217;nin gelece\u011finin herhangi bir d\u0131\u015f m\u00fcdahale olmaks\u0131z\u0131n Suriyeliler taraf\u0131ndan olmas\u0131 gere\u011fini bir kez daha ifade etti. \u00c7in iktidar partisi merkez komitesinde siyasi ofis \u00fcyesi ve d\u0131\u015f ili\u015fkilerden sorumlu merkez komite sekreteri Yang Jiechi bug\u00fcn Pekin\u2019de d\u00fczenlenen 7. Uluslararas\u0131 Bar\u0131\u015f konferans\u0131nda \u00fclkesinin Suriye &hellip;<\/p>\n","protected":false},"author":1,"featured_media":154581,"comment_status":"closed","ping_status":"closed","sticky":false,"template":"","format":"standard","meta":{"footnotes":""},"categories":[458,459],"tags":[4349,36902,36903,16591,22181,36901],"class_list":["post-154580","post","type-post","status-publish","format-standard","has-post-thumbnail","","category-dunya1","category-haberler-arap-uluslararasi-politika","tag-cin","tag-cin-iktidar-partisi-merkez-komitesinde-siyasi-ofis-uyesi","tag-dis-iliskilerden-sorumlu-merkez-komite-sekreteri","tag-suriye","tag-suriyeliler","tag-yang-jiechi"],"_links":{"self":[{"href":"https:\/\/archive.sana.sy\/tr\/index.php?rest_route=\/wp\/v2\/posts\/154580","targetHints":{"allow":["GET"]}}],"collection":[{"href":"https:\/\/archive.sana.sy\/tr\/index.php?rest_route=\/wp\/v2\/posts"}],"about":[{"href":"https:\/\/archive.sana.sy\/tr\/index.php?rest_route=\/wp\/v2\/types\/post"}],"author":[{"embeddable":true,"href":"https:\/\/archive.sana.sy\/tr\/index.php?rest_route=\/wp\/v2\/users\/1"}],"replies":[{"embeddable":true,"href":"https:\/\/archive.sana.sy\/tr\/index.php?rest_route=%2Fwp%2Fv2%2Fcomments&post=154580"}],"version-history":[{"count":0,"href":"https:\/\/archive.sana.sy\/tr\/index.php?rest_route=\/wp\/v2\/posts\/154580\/revisions"}],"wp:featuredmedia":[{"embeddable":true,"href":"https:\/\/archive.sana.sy\/tr\/index.php?rest_route=\/wp\/v2\/media\/154581"}],"wp:attachment":[{"href":"https:\/\/archive.sana.sy\/tr\/index.php?rest_route=%2Fwp%2Fv2%2Fmedia&parent=154580"}],"wp:term":[{"taxonomy":"category","embeddable":true,"href":"https:\/\/archive.sana.sy\/tr\/index.php?rest_route=%2Fwp%2Fv2%2Fcategories&post=154580"},{"taxonomy":"post_tag","embeddable":true,"href":"https:\/\/archive.sana.sy\/tr\/index.php?rest_route=%2Fwp%2Fv2%2Ftags&post=154580"}],"curies":[{"name":"wp","href":"https:\/\/api.w.org\/{rel}","templated":true}]}}