{"id":154583,"date":"2018-07-14T13:43:05","date_gmt":"2018-07-14T10:43:05","guid":{"rendered":"http:\/\/www.sana.sy\/tr\/?p=154583"},"modified":"2018-07-15T14:33:09","modified_gmt":"2018-07-15T11:33:09","slug":"derada-teroristlerin-kurduklari-barikatlar-kaldiriliyor","status":"publish","type":"post","link":"https:\/\/archive.sana.sy\/tr\/?p=154583","title":{"rendered":"Dera\u2019da Ter\u00f6ristlerin Kurduklar\u0131 Barikatlar Kald\u0131r\u0131l\u0131yor"},"content":{"rendered":"<p>DERA \u2013 Dera\u2019da kiral\u0131k ter\u00f6ristlerin eski g\u00fcmr\u00fck b\u00f6lgesi ile \u00dcrd\u00fcn\u2019e a\u00e7\u0131lan uluslar aras\u0131 otoban \u00fczerinde kurduklar\u0131 barikatlar\u0131 kald\u0131rma ve yolu temizleme \u00e7al\u0131\u015fmalar\u0131 ba\u015flat\u0131ld\u0131.<\/p>\n<p>SANA\u2019n\u0131n Dera\u2019da sava\u015f muhabiri yol ve kanar\u0131n\u0131n ter\u00f6r kal\u0131nt\u0131lar\u0131ndan temizlenip gerekli onar\u0131m \u00e7al\u0131\u015fmalar\u0131n\u0131n da ba\u015flat\u0131ld\u0131\u011f\u0131n\u0131 aktard\u0131.<\/p>\n<p>&nbsp;<\/p>\n","protected":false},"excerpt":{"rendered":"<p>DERA \u2013 Dera\u2019da kiral\u0131k ter\u00f6ristlerin eski g\u00fcmr\u00fck b\u00f6lgesi ile \u00dcrd\u00fcn\u2019e a\u00e7\u0131lan uluslar aras\u0131 otoban \u00fczerinde kurduklar\u0131 barikatlar\u0131 kald\u0131rma ve yolu temizleme \u00e7al\u0131\u015fmalar\u0131 ba\u015flat\u0131ld\u0131. SANA\u2019n\u0131n Dera\u2019da sava\u015f muhabiri yol ve kanar\u0131n\u0131n ter\u00f6r kal\u0131nt\u0131lar\u0131ndan temizlenip gerekli onar\u0131m \u00e7al\u0131\u015fmalar\u0131n\u0131n da ba\u015flat\u0131ld\u0131\u011f\u0131n\u0131 aktard\u0131. &nbsp;<\/p>\n","protected":false},"author":1,"featured_media":154584,"comment_status":"closed","ping_status":"closed","sticky":false,"template":"","format":"standard","meta":{"footnotes":""},"categories":[479,17988,478],"tags":[36905,1295,36904,36906,2509,36796,5615],"class_list":["post-154583","post","type-post","status-publish","format-standard","has-post-thumbnail","","category-haberler-yerel","category-son-haberler","category-yerel","tag-barikatlari","tag-dera","tag-eski-gumruk-bolgesi","tag-teror-kalintilarin","tag-teroristlerin","tag-uluslar-arasi-otoban","tag-urdun"],"_links":{"self":[{"href":"https:\/\/archive.sana.sy\/tr\/index.php?rest_route=\/wp\/v2\/posts\/154583","targetHints":{"allow":["GET"]}}],"collection":[{"href":"https:\/\/archive.sana.sy\/tr\/index.php?rest_route=\/wp\/v2\/posts"}],"about":[{"href":"https:\/\/archive.sana.sy\/tr\/index.php?rest_route=\/wp\/v2\/types\/post"}],"author":[{"embeddable":true,"href":"https:\/\/archive.sana.sy\/tr\/index.php?rest_route=\/wp\/v2\/users\/1"}],"replies":[{"embeddable":true,"href":"https:\/\/archive.sana.sy\/tr\/index.php?rest_route=%2Fwp%2Fv2%2Fcomments&post=154583"}],"version-history":[{"count":0,"href":"https:\/\/archive.sana.sy\/tr\/index.php?rest_route=\/wp\/v2\/posts\/154583\/revisions"}],"wp:featuredmedia":[{"embeddable":true,"href":"https:\/\/archive.sana.sy\/tr\/index.php?rest_route=\/wp\/v2\/media\/154584"}],"wp:attachment":[{"href":"https:\/\/archive.sana.sy\/tr\/index.php?rest_route=%2Fwp%2Fv2%2Fmedia&parent=154583"}],"wp:term":[{"taxonomy":"category","embeddable":true,"href":"https:\/\/archive.sana.sy\/tr\/index.php?rest_route=%2Fwp%2Fv2%2Fcategories&post=154583"},{"taxonomy":"post_tag","embeddable":true,"href":"https:\/\/archive.sana.sy\/tr\/index.php?rest_route=%2Fwp%2Fv2%2Ftags&post=154583"}],"curies":[{"name":"wp","href":"https:\/\/api.w.org\/{rel}","templated":true}]}}