{"id":154769,"date":"2018-07-16T15:33:50","date_gmt":"2018-07-16T12:33:50","guid":{"rendered":"http:\/\/www.sana.sy\/tr\/?p=154769"},"modified":"2018-07-17T12:37:37","modified_gmt":"2018-07-17T09:37:37","slug":"teroristleri-agir-kayiplara-ugratmalari-ardindan-bir-dizi-belde-ve-koyu-kurtardi","status":"publish","type":"post","link":"https:\/\/archive.sana.sy\/tr\/?p=154769","title":{"rendered":"Ter\u00f6ristleri A\u011f\u0131r Kay\u0131plara U\u011fratmalar\u0131 Ard\u0131ndan Bir Dizi Belde ve K\u00f6y\u00fc Kurtard\u0131"},"content":{"rendered":"<p>\u0130LLER \u2013 Ordu birliklerimiz Dera k\u0131rsal\u0131n\u0131n kuzeybat\u0131s\u0131nda d\u0131\u015f g\u00fc\u00e7lere hizmet eden ter\u00f6ristleri say\u0131 ve ekipman a\u00e7\u0131s\u0131ndan b\u00fcy\u00fck kay\u0131plara u\u011fratmalar\u0131 ard\u0131ndan bir dizi belde ve k\u00f6y\u00fc kurtar\u0131p ahalisinin g\u00fcvenli\u011fini temin etti.<\/p>\n<p><span style=\"color: #0000ff\">DERA:<\/span><\/p>\n<p>Askeri bir kaynak SANA\u2019ya a\u00e7\u0131klamalar\u0131nda devam eden nitelikli operasyonlarda Kefar \u015eems, Um el Avsac, T\u0131yha ve Zemrin beldelerinin ter\u00f6rden kurtar\u0131ld\u0131klar\u0131n\u0131 belirtti.<\/p>\n<p>Ya\u015fanan \u00e7at\u0131\u015fmalarda aralar\u0131nda tehlikeli isimlerin bulundu\u011fu y\u00fcksek say\u0131da ter\u00f6ristin \u00f6ld\u00fcr\u00fcld\u00fc\u011f\u00fcne dikkat \u00e7eken kaynak, ara\u00e7 ve cephanelerinin yan\u0131 s\u0131ra siper ve karargahlar\u0131n\u0131n da imha edildi\u011fini kaydetti.<\/p>\n<p>G\u00fcn\u00fcn ilerleyen saatlerinde askeri kaynak; ordu birliklerimizin G\u00fcney Cephesinin en \u00f6nemli komuta karargahlar\u0131ndan biri say\u0131lan Tel el Hara Beldesini ter\u00f6rden kurtar\u0131p kontrollerine ge\u00e7irdiklerini belirtti.<\/p>\n<p>Askeri kaynak kurtar\u0131lan belde ve k\u00f6ylerde ter\u00f6ristlerin vatanda\u015flar\u0131n evlerine ve kamu m\u00fclklere yerle\u015ftirdikleri bomba d\u00fczeneklerini etkisizle\u015ftirme ve halk\u0131n g\u00fcvenli\u011fini temin etme ama\u00e7l\u0131 arama tarama operasyonun ba\u015flat\u0131ld\u0131\u011f\u0131n\u0131 ifade etti.<\/p>\n<p>Bu beldelerde bulunan vatanda\u015flar\u0131n ordu birliklerimiz ile tam bir i\u015fbirli\u011fi i\u00e7inde olduklar\u0131na vurgu yapan askeri kaynak; y\u0131llard\u0131r maruz kald\u0131klar\u0131 ter\u00f6rden kurtulman\u0131n sevincini ya\u015fayan halk\u0131n temel gereksinimlerinin kar\u015f\u0131lanmas\u0131nda ordu birliklerimizin yard\u0131m ve destekte bulunduklar\u0131n\u0131 ifade etti.<\/p>\n<p><span style=\"color: #0000ff\">KUNAYTRA:<\/span><\/p>\n<p>Di\u011fer yandan askeri bir kaynak ordu birliklerimizin Kunaytra k\u0131rsal\u0131nda \u00e7ok say\u0131da ter\u00f6risti ara\u00e7 ve ekipmanlar\u0131yla birlikte etkisiz hale getirmeleri ard\u0131ndan Meshara Beldesi ve Meshara Tepesini kurtar\u0131p kontrollerine ge\u00e7irdiklerini belirtti.<\/p>\n<p>Kaynak nitelikli operasyonlar sonucunda \u0130srail\u2019e tabili\u011fi ile bilinen Nusra Cephesi ve \u00e7at\u0131s\u0131 alt\u0131ndaki di\u011fer ter\u00f6r \u00e7etelerinin a\u011f\u0131r kay\u0131plar\u0131 ard\u0131ndan ciddi bir moral \u00e7\u00f6k\u00fc\u015f\u00fc ya\u015fad\u0131klar\u0131na dikkat \u00e7ekti.<\/p>\n","protected":false},"excerpt":{"rendered":"<p>\u0130LLER \u2013 Ordu birliklerimiz Dera k\u0131rsal\u0131n\u0131n kuzeybat\u0131s\u0131nda d\u0131\u015f g\u00fc\u00e7lere hizmet eden ter\u00f6ristleri say\u0131 ve ekipman a\u00e7\u0131s\u0131ndan b\u00fcy\u00fck kay\u0131plara u\u011fratmalar\u0131 ard\u0131ndan bir dizi belde ve k\u00f6y\u00fc kurtar\u0131p ahalisinin g\u00fcvenli\u011fini temin etti. DERA: Askeri bir kaynak SANA\u2019ya a\u00e7\u0131klamalar\u0131nda devam eden nitelikli operasyonlarda Kefar \u015eems, Um el Avsac, T\u0131yha ve Zemrin beldelerinin ter\u00f6rden kurtar\u0131ld\u0131klar\u0131n\u0131 belirtti. Ya\u015fanan \u00e7at\u0131\u015fmalarda aralar\u0131nda &hellip;<\/p>\n","protected":false},"author":1,"featured_media":154770,"comment_status":"closed","ping_status":"closed","sticky":false,"template":"","format":"standard","meta":{"footnotes":""},"categories":[479,575,17988,478],"tags":[3464,18576,30790,1295,2318,18674,13043,11549,19034,28327],"class_list":["post-154769","post","type-post","status-publish","format-standard","has-post-thumbnail","","category-haberler-yerel","category-olaylar-ve-gercekler","category-son-haberler","category-yerel","tag-nusra-cephesi","tag-daes","tag-dara","tag-dera","tag-isid","tag-silahli-muhalifler","tag-suriye-halki","tag-suriye-ordusu","tag-suriyeli-muhalifler","tag-tahrir-el-sam"],"_links":{"self":[{"href":"https:\/\/archive.sana.sy\/tr\/index.php?rest_route=\/wp\/v2\/posts\/154769","targetHints":{"allow":["GET"]}}],"collection":[{"href":"https:\/\/archive.sana.sy\/tr\/index.php?rest_route=\/wp\/v2\/posts"}],"about":[{"href":"https:\/\/archive.sana.sy\/tr\/index.php?rest_route=\/wp\/v2\/types\/post"}],"author":[{"embeddable":true,"href":"https:\/\/archive.sana.sy\/tr\/index.php?rest_route=\/wp\/v2\/users\/1"}],"replies":[{"embeddable":true,"href":"https:\/\/archive.sana.sy\/tr\/index.php?rest_route=%2Fwp%2Fv2%2Fcomments&post=154769"}],"version-history":[{"count":0,"href":"https:\/\/archive.sana.sy\/tr\/index.php?rest_route=\/wp\/v2\/posts\/154769\/revisions"}],"wp:featuredmedia":[{"embeddable":true,"href":"https:\/\/archive.sana.sy\/tr\/index.php?rest_route=\/wp\/v2\/media\/154770"}],"wp:attachment":[{"href":"https:\/\/archive.sana.sy\/tr\/index.php?rest_route=%2Fwp%2Fv2%2Fmedia&parent=154769"}],"wp:term":[{"taxonomy":"category","embeddable":true,"href":"https:\/\/archive.sana.sy\/tr\/index.php?rest_route=%2Fwp%2Fv2%2Fcategories&post=154769"},{"taxonomy":"post_tag","embeddable":true,"href":"https:\/\/archive.sana.sy\/tr\/index.php?rest_route=%2Fwp%2Fv2%2Ftags&post=154769"}],"curies":[{"name":"wp","href":"https:\/\/api.w.org\/{rel}","templated":true}]}}